{"id":59062,"date":"2026-09-03T17:00:09","date_gmt":"2026-09-03T15:00:09","guid":{"rendered":"https:\/\/www.gacetaeronautica.com\/gaceta\/wp-101\/?p=59062"},"modified":"2026-09-03T17:12:38","modified_gmt":"2026-09-03T15:12:38","slug":"skyhawks-illustrated-13049-dos-halcones-para-un-senator-1-2","status":"publish","type":"post","link":"https:\/\/www.gacetaeronautica.com\/gaceta\/wp-101\/skyhawks-illustrated-13049-dos-halcones-para-un-senator-1-2\/","title":{"rendered":"<b>Skyhawks Illustrated #13049<\/b>: Dos halcones para un senador (1\/2)"},"content":{"rendered":"<figure id=\"attachment_59070\" aria-describedby=\"caption-attachment-59070\" style=\"width: 1600px\" class=\"wp-caption aligncenter\"><a href=\"https:\/\/www.gacetaeronautica.com\/gaceta\/wp-101\/skyhawks-illustrated-13049-dos-halcones-para-un-senator-1-2\/001-portada\/\" rel=\"attachment wp-att-59070\"><img data-recalc-dims=\"1\" loading=\"lazy\" decoding=\"async\" data-attachment-id=\"59070\" data-permalink=\"https:\/\/www.gacetaeronautica.com\/gaceta\/wp-101\/skyhawks-illustrated-13049-dos-halcones-para-un-senator-1-2\/001-portada\/\" data-orig-file=\"https:\/\/i0.wp.com\/www.gacetaeronautica.com\/gaceta\/wp-101\/wp-content\/uploads\/2026\/09\/001-PORTADA.jpg?fit=1600%2C1131&amp;ssl=1\" data-orig-size=\"1600,1131\" data-comments-opened=\"1\" data-image-title=\"Perfil\" data-image-description=\"&lt;p&gt;&lt;\/i&gt;Vista de perfil del A-4E Skyhawk BuNo 149996, asignado al LCDR John S. McCain a bordo del USS \u201cForrestal\u201d el 29\/07\/1967. (Arte: Javier \u201cJavo\u201d Ruberto, \u201cPerfiles en Detalle\u201d).&lt;\/i&gt;&lt;\/p&gt;\n\" data-image-caption=\"&lt;p&gt;&lt;\/i&gt;Vista de perfil del A-4E Skyhawk BuNo 149996, asignado al LCDR John S. McCain a bordo del USS \u201cForrestal\u201d el 29\/07\/1967. (Arte: Javier \u201cJavo\u201d Ruberto, \u201cPerfiles en Detalle\u201d).&lt;\/i&gt;&lt;\/p&gt;\n\" data-large-file=\"https:\/\/i0.wp.com\/www.gacetaeronautica.com\/gaceta\/wp-101\/wp-content\/uploads\/2026\/09\/001-PORTADA.jpg?fit=1024%2C724&amp;ssl=1\" class=\"size-full wp-image-59070\" src=\"https:\/\/i0.wp.com\/www.gacetaeronautica.com\/gaceta\/wp-101\/wp-content\/uploads\/2026\/09\/001-PORTADA.jpg?resize=1140%2C806&#038;ssl=1\" alt=\"\" width=\"1140\" height=\"806\" srcset=\"https:\/\/i0.wp.com\/www.gacetaeronautica.com\/gaceta\/wp-101\/wp-content\/uploads\/2026\/09\/001-PORTADA.jpg?w=1600&amp;ssl=1 1600w, https:\/\/i0.wp.com\/www.gacetaeronautica.com\/gaceta\/wp-101\/wp-content\/uploads\/2026\/09\/001-PORTADA.jpg?resize=300%2C212&amp;ssl=1 300w, https:\/\/i0.wp.com\/www.gacetaeronautica.com\/gaceta\/wp-101\/wp-content\/uploads\/2026\/09\/001-PORTADA.jpg?resize=1024%2C724&amp;ssl=1 1024w, https:\/\/i0.wp.com\/www.gacetaeronautica.com\/gaceta\/wp-101\/wp-content\/uploads\/2026\/09\/001-PORTADA.jpg?resize=768%2C543&amp;ssl=1 768w, https:\/\/i0.wp.com\/www.gacetaeronautica.com\/gaceta\/wp-101\/wp-content\/uploads\/2026\/09\/001-PORTADA.jpg?resize=1536%2C1086&amp;ssl=1 1536w\" sizes=\"auto, (max-width: 1140px) 100vw, 1140px\" \/><\/a><figcaption id=\"caption-attachment-59070\" class=\"wp-caption-text\">Vista de perfil del A-4E Skyhawk <strong>BuNo 149996<\/strong>, asignado al LCDR John S. McCain a bordo del USS \u201cForrestal\u201d el 29\/07\/1967. (Arte: Javier \u201cJavo\u201d Ruberto, \u201cPerfiles en Detalle\u201d).<\/figcaption><\/figure>\n<hr \/>\n<p>La historia del Douglas A-4E Skyhawk <strong>BuNo 149996<\/strong> es inseparable de la trayectoria de su piloto, John S. McCain III, quien d\u00e9cadas despu\u00e9s se convertir\u00eda en una figura central de la pol\u00edtica estadounidense como Senador y candidato presidencial.<\/p>\n<p>El ejemplar <strong>#13049<\/strong> (BuNo 149996) fue fabricado en la planta de Long Beach, California, en 1963. Su vida operativa comenz\u00f3 el 01\/05\/1963 al ser entregado al escuadr\u00f3n VA-83. Tras prestar servicio en diversas unidades, fue destinado el 13\/02\/1967 al VA-46, unidad con la que encontrar\u00eda su tr\u00e1gico final a bordo del portaaviones <strong>USS \u201cForrestal\u201d<\/strong>.<\/p>\n<h3><strong>John Sidney McCain III (I Parte)<\/strong><\/h3>\n<figure id=\"attachment_59072\" aria-describedby=\"caption-attachment-59072\" style=\"width: 420px\" class=\"wp-caption alignright\"><a href=\"https:\/\/www.gacetaeronautica.com\/gaceta\/wp-101\/skyhawks-illustrated-13049-dos-halcones-para-un-senator-1-2\/attachment\/002\/\" rel=\"attachment wp-att-59072\"><img data-recalc-dims=\"1\" loading=\"lazy\" decoding=\"async\" data-attachment-id=\"59072\" data-permalink=\"https:\/\/www.gacetaeronautica.com\/gaceta\/wp-101\/skyhawks-illustrated-13049-dos-halcones-para-un-senator-1-2\/attachment\/002\/\" data-orig-file=\"https:\/\/i0.wp.com\/www.gacetaeronautica.com\/gaceta\/wp-101\/wp-content\/uploads\/2026\/09\/002.jpeg?fit=825%2C1024&amp;ssl=1\" data-orig-size=\"825,1024\" data-comments-opened=\"1\" data-image-title=\"El piloto\" data-image-description=\"&lt;p&gt;&lt;i&gt;Foto de archivo del LCDR John Sidney McCain III (US Navy, 13\/01\/1964).&lt;\/i&gt;&lt;\/p&gt;\n\" data-image-caption=\"&lt;p&gt;&lt;i&gt;Foto de archivo del LCDR John Sidney McCain III (US Navy, 13\/01\/1964).&lt;\/i&gt;&lt;\/p&gt;\n\" data-large-file=\"https:\/\/i0.wp.com\/www.gacetaeronautica.com\/gaceta\/wp-101\/wp-content\/uploads\/2026\/09\/002.jpeg?fit=825%2C1024&amp;ssl=1\" class=\"wp-image-59072\" src=\"https:\/\/i0.wp.com\/www.gacetaeronautica.com\/gaceta\/wp-101\/wp-content\/uploads\/2026\/09\/002.jpeg?resize=420%2C521&#038;ssl=1\" alt=\"\" width=\"420\" height=\"521\" srcset=\"https:\/\/i0.wp.com\/www.gacetaeronautica.com\/gaceta\/wp-101\/wp-content\/uploads\/2026\/09\/002.jpeg?resize=242%2C300&amp;ssl=1 242w, https:\/\/i0.wp.com\/www.gacetaeronautica.com\/gaceta\/wp-101\/wp-content\/uploads\/2026\/09\/002.jpeg?resize=768%2C953&amp;ssl=1 768w, https:\/\/i0.wp.com\/www.gacetaeronautica.com\/gaceta\/wp-101\/wp-content\/uploads\/2026\/09\/002.jpeg?w=825&amp;ssl=1 825w\" sizes=\"auto, (max-width: 420px) 100vw, 420px\" \/><\/a><figcaption id=\"caption-attachment-59072\" class=\"wp-caption-text\"><i>Foto de archivo del <strong>LCDR John Sidney McCain III<\/strong> (US Navy, 13\/01\/1964).<\/i><\/figcaption><\/figure>\n<p>Nacido el 29\/08\/1936 en la Base Aeronaval de Coco Solo (Zona del Canal de Panam\u00e1), McCain hered\u00f3 una profunda vocaci\u00f3n militar; su abuelo y su padre fueron almirantes de la Marina de los EE. UU. Tras una juventud marcada por los constantes traslados familiares, se gradu\u00f3 en la Academia Naval de Annapolis en 1958.<\/p>\n<p>Tras completar su adiestramiento como piloto naval en Pensacola en 1960, comenz\u00f3 a operar el A-1 Skyraider, cumpliendo despliegues en el Caribe y el Mediterr\u00e1neo a bordo de los portaaviones <strong>USS Intrepid<\/strong> y <strong>USS Enterprise<\/strong>. En 1965 contrajo matrimonio y, a los 30 a\u00f1os, fue asignado al <strong>USS Forrestal<\/strong> para realizar misiones de combate sobre Vietnam, donde su historia qued\u00f3 marcada por el devastador incendio del 29\/07\/1967.<\/p>\n<h3><strong>Desastre en el Forrestal<\/strong><\/h3>\n<p>Aquel 29 de julio, el <strong>BuNo 149996<\/strong> se encontraba en cubierta, alist\u00e1ndose para una misi\u00f3n de combate. En el lado opuesto, un F-4B Phantom II (BuNo 153061, n\u00famero de morro AA110) cargado con c\u00e1psulas de cohetes LAU-10\/A sufri\u00f3 una falla t\u00e9cnica: una sobretensi\u00f3n el\u00e9ctrica provoc\u00f3 el disparo accidental de un cohete Zuni.<\/p>\n<p>El proyectil impact\u00f3 contra el tanque de combustible externo de un A-4 Skyhawk (AA405) pilotado por el LCDR Fred White. Aunque el cohete no deton\u00f3, perfor\u00f3 el dep\u00f3sito y esparci\u00f3 combustible altamente inflamable por toda la cubierta de vuelo. El A-4E de McCain y el del LT David Dollarhide quedaron envueltos en llamas casi instant\u00e1neamente.<\/p>\n<figure id=\"attachment_59077\" aria-describedby=\"caption-attachment-59077\" style=\"width: 1396px\" class=\"wp-caption aligncenter\"><a href=\"https:\/\/www.gacetaeronautica.com\/gaceta\/wp-101\/skyhawks-illustrated-13049-dos-halcones-para-un-senator-1-2\/003-uss_forrestal_a-4_skyhawk_burning-usn\/\" rel=\"attachment wp-att-59077\"><img data-recalc-dims=\"1\" loading=\"lazy\" decoding=\"async\" data-attachment-id=\"59077\" data-permalink=\"https:\/\/www.gacetaeronautica.com\/gaceta\/wp-101\/skyhawks-illustrated-13049-dos-halcones-para-un-senator-1-2\/003-uss_forrestal_a-4_skyhawk_burning-usn\/\" data-orig-file=\"https:\/\/i0.wp.com\/www.gacetaeronautica.com\/gaceta\/wp-101\/wp-content\/uploads\/2026\/09\/003-USS_Forrestal_A-4_Skyhawk_burning-USN.png?fit=1396%2C1110&amp;ssl=1\" data-orig-size=\"1396,1110\" data-comments-opened=\"1\" data-image-title=\"Incendio aeronaval\" data-image-description=\"&lt;p&gt;&lt;i&gt;Inicio del incendio en la cubierta del USS Forrestal, afectando inicialmente a la l\u00ednea de Skyhawks (Foto: US Navy).&lt;\/i&gt;&lt;\/p&gt;\n\" data-image-caption=\"&lt;p&gt;&lt;i&gt;Inicio del incendio en la cubierta del USS Forrestal, afectando inicialmente a la l\u00ednea de Skyhawks (Foto: US Navy).&lt;\/i&gt;&lt;\/p&gt;\n\" data-large-file=\"https:\/\/i0.wp.com\/www.gacetaeronautica.com\/gaceta\/wp-101\/wp-content\/uploads\/2026\/09\/003-USS_Forrestal_A-4_Skyhawk_burning-USN.png?fit=1024%2C814&amp;ssl=1\" class=\"size-full wp-image-59077\" src=\"https:\/\/i0.wp.com\/www.gacetaeronautica.com\/gaceta\/wp-101\/wp-content\/uploads\/2026\/09\/003-USS_Forrestal_A-4_Skyhawk_burning-USN.png?resize=1140%2C906&#038;ssl=1\" alt=\"\" width=\"1140\" height=\"906\" srcset=\"https:\/\/i0.wp.com\/www.gacetaeronautica.com\/gaceta\/wp-101\/wp-content\/uploads\/2026\/09\/003-USS_Forrestal_A-4_Skyhawk_burning-USN.png?w=1396&amp;ssl=1 1396w, https:\/\/i0.wp.com\/www.gacetaeronautica.com\/gaceta\/wp-101\/wp-content\/uploads\/2026\/09\/003-USS_Forrestal_A-4_Skyhawk_burning-USN.png?resize=300%2C239&amp;ssl=1 300w, https:\/\/i0.wp.com\/www.gacetaeronautica.com\/gaceta\/wp-101\/wp-content\/uploads\/2026\/09\/003-USS_Forrestal_A-4_Skyhawk_burning-USN.png?resize=1024%2C814&amp;ssl=1 1024w, https:\/\/i0.wp.com\/www.gacetaeronautica.com\/gaceta\/wp-101\/wp-content\/uploads\/2026\/09\/003-USS_Forrestal_A-4_Skyhawk_burning-USN.png?resize=768%2C611&amp;ssl=1 768w\" sizes=\"auto, (max-width: 1140px) 100vw, 1140px\" \/><\/a><figcaption id=\"caption-attachment-59077\" class=\"wp-caption-text\"><i>Inicio del incendio en la cubierta del <strong>USS Forrestal<\/strong>, afectando inicialmente a la l\u00ednea de Skyhawks (Foto: US Navy).<\/i><\/figcaption><\/figure>\n<hr \/>\n<p>Ante el caos, McCain logr\u00f3 evacuar su avi\u00f3n, intentando incluso socorrer a otros pilotos. En ese instante, una bomba de 1.000 libras deton\u00f3 en la cubierta. McCain result\u00f3 herido en el pecho y las piernas por la metralla, pero logr\u00f3 sobrevivir.<\/p>\n<p>El incendio, que comenz\u00f3 a detonar el armamento almacenado en cubierta en cuesti\u00f3n de 90 segundos, fue contenido tras 12 horas de lucha heroica por parte de las cuadrillas de control de aver\u00edas. El saldo fue tr\u00e1gico: 134 fallecidos y numerosos heridos. El CVW-1 del Forrestal perdi\u00f3 21 aeronaves (incluyendo el <strong>BuNo 149996<\/strong>), adem\u00e1s de da\u00f1os severos en otros 34 aviones.<\/p>\n<figure id=\"attachment_59078\" aria-describedby=\"caption-attachment-59078\" style=\"width: 1600px\" class=\"wp-caption aligncenter\"><a href=\"https:\/\/www.gacetaeronautica.com\/gaceta\/wp-101\/skyhawks-illustrated-13049-dos-halcones-para-un-senator-1-2\/004-uss_forrestal_explosion_29_july_1967\/\" rel=\"attachment wp-att-59078\"><img data-recalc-dims=\"1\" loading=\"lazy\" decoding=\"async\" data-attachment-id=\"59078\" data-permalink=\"https:\/\/www.gacetaeronautica.com\/gaceta\/wp-101\/skyhawks-illustrated-13049-dos-halcones-para-un-senator-1-2\/004-uss_forrestal_explosion_29_july_1967\/\" data-orig-file=\"https:\/\/i0.wp.com\/www.gacetaeronautica.com\/gaceta\/wp-101\/wp-content\/uploads\/2026\/09\/004-USS_Forrestal_explosion_29_July_1967.jpg?fit=1600%2C1272&amp;ssl=1\" data-orig-size=\"1600,1272\" data-comments-opened=\"1\" data-image-title=\"Incendio aeronaval\" data-image-description=\"&lt;p&gt;&lt;i&gt;Labores de extinci\u00f3n del incendio en la cubierta del USS Forrestal (Foto: US Navy).&lt;\/i&gt;&lt;\/p&gt;\n\" data-image-caption=\"&lt;p&gt;&lt;i&gt;Labores de extinci\u00f3n del incendio en la cubierta del USS Forrestal (Foto: US Navy).&lt;\/i&gt;&lt;\/p&gt;\n\" data-large-file=\"https:\/\/i0.wp.com\/www.gacetaeronautica.com\/gaceta\/wp-101\/wp-content\/uploads\/2026\/09\/004-USS_Forrestal_explosion_29_July_1967.jpg?fit=1024%2C814&amp;ssl=1\" class=\"size-full wp-image-59078\" src=\"https:\/\/i0.wp.com\/www.gacetaeronautica.com\/gaceta\/wp-101\/wp-content\/uploads\/2026\/09\/004-USS_Forrestal_explosion_29_July_1967.jpg?resize=1140%2C906&#038;ssl=1\" alt=\"\" width=\"1140\" height=\"906\" srcset=\"https:\/\/i0.wp.com\/www.gacetaeronautica.com\/gaceta\/wp-101\/wp-content\/uploads\/2026\/09\/004-USS_Forrestal_explosion_29_July_1967.jpg?w=1600&amp;ssl=1 1600w, https:\/\/i0.wp.com\/www.gacetaeronautica.com\/gaceta\/wp-101\/wp-content\/uploads\/2026\/09\/004-USS_Forrestal_explosion_29_July_1967.jpg?resize=300%2C239&amp;ssl=1 300w, https:\/\/i0.wp.com\/www.gacetaeronautica.com\/gaceta\/wp-101\/wp-content\/uploads\/2026\/09\/004-USS_Forrestal_explosion_29_July_1967.jpg?resize=1024%2C814&amp;ssl=1 1024w, https:\/\/i0.wp.com\/www.gacetaeronautica.com\/gaceta\/wp-101\/wp-content\/uploads\/2026\/09\/004-USS_Forrestal_explosion_29_July_1967.jpg?resize=768%2C611&amp;ssl=1 768w, https:\/\/i0.wp.com\/www.gacetaeronautica.com\/gaceta\/wp-101\/wp-content\/uploads\/2026\/09\/004-USS_Forrestal_explosion_29_July_1967.jpg?resize=1536%2C1221&amp;ssl=1 1536w\" sizes=\"auto, (max-width: 1140px) 100vw, 1140px\" \/><\/a><figcaption id=\"caption-attachment-59078\" class=\"wp-caption-text\"><i>Labores de extinci\u00f3n del incendio en la cubierta del <strong>USS Forrestal<\/strong> (Foto: US Navy).<\/i><\/figcaption><\/figure>\n<hr \/>\n<h3><strong>Variante<\/strong><\/h3>\n<p>A-4E (1963)<\/p>\n<h3><strong>Identidad<\/strong><\/h3>\n<p>BuNo 149996<\/p>\n<h3><strong>Historial de unidades:<\/strong><\/h3>\n<ul>\n<li><strong>VA-83 \u201cRampagers\u201d<\/strong>, NAS Oceana (01\/05\/1963)<\/li>\n<li><strong>VA-43 \u201cChallengers\u201d<\/strong>, NAS Oceana (20\/03\/1964)<\/li>\n<li><strong>VMA-324 \u201cVagabonds\u201d<\/strong>, MCAS Beaufort (03\/04\/1964)<\/li>\n<li><strong>H&amp;MS-31 \u201cAggressors\u201d<\/strong>, MCAS Beaufort (19\/05\/1966)<\/li>\n<li><strong>VMA-331 \u201cBumblebees\u201d<\/strong>, MCAS Beaufort (23\/08\/1966)<\/li>\n<li><strong>VA-46 \u201cClansmen\u201d<\/strong> (#AA416), USS Forrestal (13\/02\/1967)<\/li>\n<\/ul>\n<h3><strong>Destino<\/strong><\/h3>\n<p>Destruido durante el incendio en el <strong>USS Forrestal<\/strong> (Task Force 77) en el Golfo de Tonk\u00edn el 29\/07\/1967.<\/p>\n<figure id=\"attachment_59080\" aria-describedby=\"caption-attachment-59080\" style=\"width: 1350px\" class=\"wp-caption aligncenter\"><a href=\"https:\/\/www.gacetaeronautica.com\/gaceta\/wp-101\/skyhawks-illustrated-13049-dos-halcones-para-un-senator-1-2\/attachment\/005\/\" rel=\"attachment wp-att-59080\"><img data-recalc-dims=\"1\" loading=\"lazy\" decoding=\"async\" data-attachment-id=\"59080\" data-permalink=\"https:\/\/www.gacetaeronautica.com\/gaceta\/wp-101\/skyhawks-illustrated-13049-dos-halcones-para-un-senator-1-2\/attachment\/005\/\" data-orig-file=\"https:\/\/i0.wp.com\/www.gacetaeronautica.com\/gaceta\/wp-101\/wp-content\/uploads\/2026\/09\/005.jpeg?fit=1350%2C900&amp;ssl=1\" data-orig-size=\"1350,900\" data-comments-opened=\"1\" data-image-title=\"R\u00e9plica\" data-image-description=\"&lt;p&gt;&lt;i&gt;R\u00e9plica en el Evergreen Aviation &amp;#038; Space Museum, Oreg\u00f3n. El avi\u00f3n exhibido es el 152070, pintado con los colores del 149996 de McCain (Foto: Eric Salard).&lt;\/i&gt;&lt;\/p&gt;\n\" data-image-caption=\"&lt;p&gt;&lt;i&gt;R\u00e9plica en el Evergreen Aviation &amp;#038; Space Museum, Oreg\u00f3n. El avi\u00f3n exhibido es el 152070, pintado con los colores del 149996 de McCain (Foto: Eric Salard).&lt;\/i&gt;&lt;\/p&gt;\n\" data-large-file=\"https:\/\/i0.wp.com\/www.gacetaeronautica.com\/gaceta\/wp-101\/wp-content\/uploads\/2026\/09\/005.jpeg?fit=1024%2C683&amp;ssl=1\" class=\"size-full wp-image-59080\" src=\"https:\/\/i0.wp.com\/www.gacetaeronautica.com\/gaceta\/wp-101\/wp-content\/uploads\/2026\/09\/005.jpeg?resize=1140%2C760&#038;ssl=1\" alt=\"\" width=\"1140\" height=\"760\" srcset=\"https:\/\/i0.wp.com\/www.gacetaeronautica.com\/gaceta\/wp-101\/wp-content\/uploads\/2026\/09\/005.jpeg?w=1350&amp;ssl=1 1350w, https:\/\/i0.wp.com\/www.gacetaeronautica.com\/gaceta\/wp-101\/wp-content\/uploads\/2026\/09\/005.jpeg?resize=300%2C200&amp;ssl=1 300w, https:\/\/i0.wp.com\/www.gacetaeronautica.com\/gaceta\/wp-101\/wp-content\/uploads\/2026\/09\/005.jpeg?resize=1024%2C683&amp;ssl=1 1024w, https:\/\/i0.wp.com\/www.gacetaeronautica.com\/gaceta\/wp-101\/wp-content\/uploads\/2026\/09\/005.jpeg?resize=768%2C512&amp;ssl=1 768w\" sizes=\"auto, (max-width: 1140px) 100vw, 1140px\" \/><\/a><figcaption id=\"caption-attachment-59080\" class=\"wp-caption-text\"><i>R\u00e9plica en el Evergreen Aviation &amp; Space Museum, Oreg\u00f3n. El avi\u00f3n exhibido es el 152070, pintado con los colores del <strong>149996<\/strong> de McCain (Foto: Eric Salard).<\/i><\/figcaption><\/figure>\n<hr \/>\n<p><strong>Reconocimientos<\/strong>: Agradecimientos especiales a Javier Ruberto (\u201cPerfiles en Detalle\u201d) y Eric Salard, por sus valiosos aportes. <strong>Fuentes<\/strong>: US Navy, Facebook McCain, Wikipedia, The Aviation Geek Club, Skyhawk Association.<\/p>\n<hr \/>\n<p>&nbsp;<\/p>\n","protected":false},"excerpt":{"rendered":"<p>La historia del Douglas A-4E Skyhawk BuNo 149996 es inseparable de la trayectoria de su piloto, John S. McCain III, quien d\u00e9cadas despu\u00e9s se convertir\u00eda en una figura central de la pol\u00edtica estadounidense como Senador y candidato presidencial.<\/p>\n","protected":false},"author":76,"featured_media":59070,"comment_status":"open","ping_status":"closed","sticky":false,"template":"","format":"standard","meta":{"_jetpack_newsletter_access":"","_jetpack_dont_email_post_to_subs":false,"_jetpack_newsletter_tier_id":0,"_jetpack_memberships_contains_paywalled_content":false,"_jetpack_feature_clip_id":0,"_jetpack_memberships_contains_paid_content":false,"footnotes":"","jetpack_post_was_ever_published":false},"categories":[4,9],"tags":[424,111,477,634],"class_list":["post-59062","post","type-post","status-publish","format-standard","has-post-thumbnail","hentry","category-defensa-seguridad","category-spotting","tag-historiales-visuales","tag-a-4-skyhawk","tag-guerra-aerea-en-vietnam","tag-skyhawks-illustrated"],"yoast_head":"<!-- This site is optimized with the Yoast SEO plugin v28.4 - https:\/\/yoast.com\/product\/yoast-seo-wordpress\/ -->\n<title>Skyhawks Illustrated #13049: Dos halcones para un senador (1\/2) - Gaceta Aeronautica<\/title>\n<meta name=\"robots\" content=\"index, follow, max-snippet:-1, max-image-preview:large, max-video-preview:-1\" \/>\n<link rel=\"canonical\" href=\"https:\/\/www.gacetaeronautica.com\/gaceta\/wp-101\/skyhawks-illustrated-13049-dos-halcones-para-un-senator-1-2\/\" \/>\n<meta property=\"og:locale\" content=\"es_ES\" \/>\n<meta property=\"og:type\" content=\"article\" \/>\n<meta property=\"og:title\" content=\"Skyhawks Illustrated #13049: Dos halcones para un senador (1\/2) - Gaceta Aeronautica\" \/>\n<meta property=\"og:description\" content=\"La historia del Douglas A-4E Skyhawk BuNo 149996 es inseparable de la trayectoria de su piloto, John S. McCain III, quien d\u00e9cadas despu\u00e9s se convertir\u00eda en una figura central de la pol\u00edtica estadounidense como Senador y candidato presidencial.\" \/>\n<meta property=\"og:url\" content=\"https:\/\/www.gacetaeronautica.com\/gaceta\/wp-101\/skyhawks-illustrated-13049-dos-halcones-para-un-senator-1-2\/\" \/>\n<meta property=\"og:site_name\" content=\"Gaceta Aeronautica\" \/>\n<meta property=\"article:publisher\" content=\"https:\/\/www.facebook.com\/Gaceta-Aeronautica-116866231657967\/\" \/>\n<meta property=\"article:published_time\" content=\"2026-09-03T15:00:09+00:00\" \/>\n<meta property=\"article:modified_time\" content=\"2026-09-03T15:12:38+00:00\" \/>\n<meta property=\"og:image\" content=\"https:\/\/www.gacetaeronautica.com\/gaceta\/wp-101\/wp-content\/uploads\/2026\/09\/001-PORTADA.jpg\" \/>\n\t<meta property=\"og:image:width\" content=\"1600\" \/>\n\t<meta property=\"og:image:height\" content=\"1131\" \/>\n\t<meta property=\"og:image:type\" content=\"image\/jpeg\" \/>\n<meta name=\"author\" content=\"Guillermo Canosa\" \/>\n<meta name=\"twitter:card\" content=\"summary_large_image\" \/>\n<meta name=\"twitter:creator\" content=\"@gacetaeronautic\" \/>\n<meta name=\"twitter:site\" content=\"@gacetaeronautic\" \/>\n<meta name=\"twitter:label1\" content=\"Escrito por\" \/>\n\t<meta name=\"twitter:data1\" content=\"Guillermo Canosa\" \/>\n\t<meta name=\"twitter:label2\" content=\"Tiempo de lectura\" \/>\n\t<meta name=\"twitter:data2\" content=\"5 minutos\" \/>\n<script type=\"application\/ld+json\" class=\"yoast-schema-graph\">{\"@context\":\"https:\\\/\\\/schema.org\",\"@graph\":[{\"@type\":\"Article\",\"@id\":\"https:\\\/\\\/www.gacetaeronautica.com\\\/gaceta\\\/wp-101\\\/skyhawks-illustrated-13049-dos-halcones-para-un-senator-1-2\\\/#article\",\"isPartOf\":{\"@id\":\"https:\\\/\\\/www.gacetaeronautica.com\\\/gaceta\\\/wp-101\\\/skyhawks-illustrated-13049-dos-halcones-para-un-senator-1-2\\\/\"},\"author\":{\"name\":\"Guillermo Canosa\",\"@id\":\"https:\\\/\\\/www.gacetaeronautica.com\\\/gaceta\\\/wp-101\\\/#\\\/schema\\\/person\\\/8b3c950ec749dd40deaef9e4d6e04044\"},\"headline\":\"Skyhawks Illustrated #13049: Dos halcones para un senador (1\\\/2)\",\"datePublished\":\"2026-09-03T15:00:09+00:00\",\"dateModified\":\"2026-09-03T15:12:38+00:00\",\"mainEntityOfPage\":{\"@id\":\"https:\\\/\\\/www.gacetaeronautica.com\\\/gaceta\\\/wp-101\\\/skyhawks-illustrated-13049-dos-halcones-para-un-senator-1-2\\\/\"},\"wordCount\":663,\"commentCount\":0,\"publisher\":{\"@id\":\"https:\\\/\\\/www.gacetaeronautica.com\\\/gaceta\\\/wp-101\\\/#organization\"},\"image\":{\"@id\":\"https:\\\/\\\/www.gacetaeronautica.com\\\/gaceta\\\/wp-101\\\/skyhawks-illustrated-13049-dos-halcones-para-un-senator-1-2\\\/#primaryimage\"},\"thumbnailUrl\":\"https:\\\/\\\/i0.wp.com\\\/www.gacetaeronautica.com\\\/gaceta\\\/wp-101\\\/wp-content\\\/uploads\\\/2026\\\/09\\\/001-PORTADA.jpg?fit=1600%2C1131&ssl=1\",\"keywords\":[\"#HistorialesVisuales\",\"A-4 Skyhawk\",\"Guerra A\u00e9rea en Vietnam\",\"Skyhawks Illustrated\"],\"articleSection\":[\"Defensa y seguridad\",\"Spotting &amp; investigaci\u00f3n\"],\"inLanguage\":\"es\",\"potentialAction\":[{\"@type\":\"CommentAction\",\"name\":\"Comment\",\"target\":[\"https:\\\/\\\/www.gacetaeronautica.com\\\/gaceta\\\/wp-101\\\/skyhawks-illustrated-13049-dos-halcones-para-un-senator-1-2\\\/#respond\"]}]},{\"@type\":\"WebPage\",\"@id\":\"https:\\\/\\\/www.gacetaeronautica.com\\\/gaceta\\\/wp-101\\\/skyhawks-illustrated-13049-dos-halcones-para-un-senator-1-2\\\/\",\"url\":\"https:\\\/\\\/www.gacetaeronautica.com\\\/gaceta\\\/wp-101\\\/skyhawks-illustrated-13049-dos-halcones-para-un-senator-1-2\\\/\",\"name\":\"Skyhawks Illustrated #13049: Dos halcones para un senador (1\\\/2) - Gaceta Aeronautica\",\"isPartOf\":{\"@id\":\"https:\\\/\\\/www.gacetaeronautica.com\\\/gaceta\\\/wp-101\\\/#website\"},\"primaryImageOfPage\":{\"@id\":\"https:\\\/\\\/www.gacetaeronautica.com\\\/gaceta\\\/wp-101\\\/skyhawks-illustrated-13049-dos-halcones-para-un-senator-1-2\\\/#primaryimage\"},\"image\":{\"@id\":\"https:\\\/\\\/www.gacetaeronautica.com\\\/gaceta\\\/wp-101\\\/skyhawks-illustrated-13049-dos-halcones-para-un-senator-1-2\\\/#primaryimage\"},\"thumbnailUrl\":\"https:\\\/\\\/i0.wp.com\\\/www.gacetaeronautica.com\\\/gaceta\\\/wp-101\\\/wp-content\\\/uploads\\\/2026\\\/09\\\/001-PORTADA.jpg?fit=1600%2C1131&ssl=1\",\"datePublished\":\"2026-09-03T15:00:09+00:00\",\"dateModified\":\"2026-09-03T15:12:38+00:00\",\"breadcrumb\":{\"@id\":\"https:\\\/\\\/www.gacetaeronautica.com\\\/gaceta\\\/wp-101\\\/skyhawks-illustrated-13049-dos-halcones-para-un-senator-1-2\\\/#breadcrumb\"},\"inLanguage\":\"es\",\"potentialAction\":[{\"@type\":\"ReadAction\",\"target\":[\"https:\\\/\\\/www.gacetaeronautica.com\\\/gaceta\\\/wp-101\\\/skyhawks-illustrated-13049-dos-halcones-para-un-senator-1-2\\\/\"]}]},{\"@type\":\"ImageObject\",\"inLanguage\":\"es\",\"@id\":\"https:\\\/\\\/www.gacetaeronautica.com\\\/gaceta\\\/wp-101\\\/skyhawks-illustrated-13049-dos-halcones-para-un-senator-1-2\\\/#primaryimage\",\"url\":\"https:\\\/\\\/i0.wp.com\\\/www.gacetaeronautica.com\\\/gaceta\\\/wp-101\\\/wp-content\\\/uploads\\\/2026\\\/09\\\/001-PORTADA.jpg?fit=1600%2C1131&ssl=1\",\"contentUrl\":\"https:\\\/\\\/i0.wp.com\\\/www.gacetaeronautica.com\\\/gaceta\\\/wp-101\\\/wp-content\\\/uploads\\\/2026\\\/09\\\/001-PORTADA.jpg?fit=1600%2C1131&ssl=1\",\"width\":1600,\"height\":1131,\"caption\":\"Vista de perfil del A-4E Skyhawk BuNo 149996, asignado al LCDR John S. McCain a bordo del USS \u201cForrestal\u201d el 29\\\/07\\\/1967. (Arte: Javier \u201cJavo\u201d Ruberto, \u201cPerfiles en Detalle\u201d).\"},{\"@type\":\"BreadcrumbList\",\"@id\":\"https:\\\/\\\/www.gacetaeronautica.com\\\/gaceta\\\/wp-101\\\/skyhawks-illustrated-13049-dos-halcones-para-un-senator-1-2\\\/#breadcrumb\",\"itemListElement\":[{\"@type\":\"ListItem\",\"position\":1,\"name\":\"Portada\",\"item\":\"https:\\\/\\\/www.gacetaeronautica.com\\\/gaceta\\\/wp-101\\\/\"},{\"@type\":\"ListItem\",\"position\":2,\"name\":\"Skyhawks Illustrated #13049: Dos halcones para un senador (1\\\/2)\"}]},{\"@type\":\"WebSite\",\"@id\":\"https:\\\/\\\/www.gacetaeronautica.com\\\/gaceta\\\/wp-101\\\/#website\",\"url\":\"https:\\\/\\\/www.gacetaeronautica.com\\\/gaceta\\\/wp-101\\\/\",\"name\":\"Gaceta Aeronautica\",\"description\":\"Noticias, opini\u00f3n, historia y referencia aeron\u00e1utica\",\"publisher\":{\"@id\":\"https:\\\/\\\/www.gacetaeronautica.com\\\/gaceta\\\/wp-101\\\/#organization\"},\"potentialAction\":[{\"@type\":\"SearchAction\",\"target\":{\"@type\":\"EntryPoint\",\"urlTemplate\":\"https:\\\/\\\/www.gacetaeronautica.com\\\/gaceta\\\/wp-101\\\/?s={search_term_string}\"},\"query-input\":{\"@type\":\"PropertyValueSpecification\",\"valueRequired\":true,\"valueName\":\"search_term_string\"}}],\"inLanguage\":\"es\"},{\"@type\":\"Organization\",\"@id\":\"https:\\\/\\\/www.gacetaeronautica.com\\\/gaceta\\\/wp-101\\\/#organization\",\"name\":\"Gaceta Aeronautica\",\"url\":\"https:\\\/\\\/www.gacetaeronautica.com\\\/gaceta\\\/wp-101\\\/\",\"logo\":{\"@type\":\"ImageObject\",\"inLanguage\":\"es\",\"@id\":\"https:\\\/\\\/www.gacetaeronautica.com\\\/gaceta\\\/wp-101\\\/#\\\/schema\\\/logo\\\/image\\\/\",\"url\":\"https:\\\/\\\/i0.wp.com\\\/www.gacetaeronautica.com\\\/gaceta\\\/wp-101\\\/wp-content\\\/uploads\\\/2021\\\/01\\\/ga-icon-big.jpg?fit=181%2C181&ssl=1\",\"contentUrl\":\"https:\\\/\\\/i0.wp.com\\\/www.gacetaeronautica.com\\\/gaceta\\\/wp-101\\\/wp-content\\\/uploads\\\/2021\\\/01\\\/ga-icon-big.jpg?fit=181%2C181&ssl=1\",\"width\":181,\"height\":181,\"caption\":\"Gaceta Aeronautica\"},\"image\":{\"@id\":\"https:\\\/\\\/www.gacetaeronautica.com\\\/gaceta\\\/wp-101\\\/#\\\/schema\\\/logo\\\/image\\\/\"},\"sameAs\":[\"https:\\\/\\\/www.facebook.com\\\/Gaceta-Aeronautica-116866231657967\\\/\",\"https:\\\/\\\/x.com\\\/gacetaeronautic\",\"https:\\\/\\\/www.instagram.com\\\/gacetaeronautica\\\/\"]},{\"@type\":\"Person\",\"@id\":\"https:\\\/\\\/www.gacetaeronautica.com\\\/gaceta\\\/wp-101\\\/#\\\/schema\\\/person\\\/8b3c950ec749dd40deaef9e4d6e04044\",\"name\":\"Guillermo Canosa\",\"image\":{\"@type\":\"ImageObject\",\"inLanguage\":\"es\",\"@id\":\"https:\\\/\\\/secure.gravatar.com\\\/avatar\\\/74512c23f1951b5c4cf4ea589a35d5613adaf338bbbb6b2cebf56c9d44d171b7?s=96&d=blank&r=g\",\"url\":\"https:\\\/\\\/secure.gravatar.com\\\/avatar\\\/74512c23f1951b5c4cf4ea589a35d5613adaf338bbbb6b2cebf56c9d44d171b7?s=96&d=blank&r=g\",\"contentUrl\":\"https:\\\/\\\/secure.gravatar.com\\\/avatar\\\/74512c23f1951b5c4cf4ea589a35d5613adaf338bbbb6b2cebf56c9d44d171b7?s=96&d=blank&r=g\",\"caption\":\"Guillermo Canosa\"},\"url\":\"https:\\\/\\\/www.gacetaeronautica.com\\\/gaceta\\\/wp-101\\\/author\\\/gloster1948gmail-com\\\/\"}]}<\/script>\n<!-- \/ Yoast SEO plugin. -->","yoast_head_json":{"title":"Skyhawks Illustrated #13049: Dos halcones para un senador (1\/2) - Gaceta Aeronautica","robots":{"index":"index","follow":"follow","max-snippet":"max-snippet:-1","max-image-preview":"max-image-preview:large","max-video-preview":"max-video-preview:-1"},"canonical":"https:\/\/www.gacetaeronautica.com\/gaceta\/wp-101\/skyhawks-illustrated-13049-dos-halcones-para-un-senator-1-2\/","og_locale":"es_ES","og_type":"article","og_title":"Skyhawks Illustrated #13049: Dos halcones para un senador (1\/2) - Gaceta Aeronautica","og_description":"La historia del Douglas A-4E Skyhawk BuNo 149996 es inseparable de la trayectoria de su piloto, John S. McCain III, quien d\u00e9cadas despu\u00e9s se convertir\u00eda en una figura central de la pol\u00edtica estadounidense como Senador y candidato presidencial.","og_url":"https:\/\/www.gacetaeronautica.com\/gaceta\/wp-101\/skyhawks-illustrated-13049-dos-halcones-para-un-senator-1-2\/","og_site_name":"Gaceta Aeronautica","article_publisher":"https:\/\/www.facebook.com\/Gaceta-Aeronautica-116866231657967\/","article_published_time":"2026-09-03T15:00:09+00:00","article_modified_time":"2026-09-03T15:12:38+00:00","og_image":[{"width":1600,"height":1131,"url":"https:\/\/www.gacetaeronautica.com\/gaceta\/wp-101\/wp-content\/uploads\/2026\/09\/001-PORTADA.jpg","type":"image\/jpeg"}],"author":"Guillermo Canosa","twitter_card":"summary_large_image","twitter_creator":"@gacetaeronautic","twitter_site":"@gacetaeronautic","twitter_misc":{"Escrito por":"Guillermo Canosa","Tiempo de lectura":"5 minutos"},"schema":{"@context":"https:\/\/schema.org","@graph":[{"@type":"Article","@id":"https:\/\/www.gacetaeronautica.com\/gaceta\/wp-101\/skyhawks-illustrated-13049-dos-halcones-para-un-senator-1-2\/#article","isPartOf":{"@id":"https:\/\/www.gacetaeronautica.com\/gaceta\/wp-101\/skyhawks-illustrated-13049-dos-halcones-para-un-senator-1-2\/"},"author":{"name":"Guillermo Canosa","@id":"https:\/\/www.gacetaeronautica.com\/gaceta\/wp-101\/#\/schema\/person\/8b3c950ec749dd40deaef9e4d6e04044"},"headline":"Skyhawks Illustrated #13049: Dos halcones para un senador (1\/2)","datePublished":"2026-09-03T15:00:09+00:00","dateModified":"2026-09-03T15:12:38+00:00","mainEntityOfPage":{"@id":"https:\/\/www.gacetaeronautica.com\/gaceta\/wp-101\/skyhawks-illustrated-13049-dos-halcones-para-un-senator-1-2\/"},"wordCount":663,"commentCount":0,"publisher":{"@id":"https:\/\/www.gacetaeronautica.com\/gaceta\/wp-101\/#organization"},"image":{"@id":"https:\/\/www.gacetaeronautica.com\/gaceta\/wp-101\/skyhawks-illustrated-13049-dos-halcones-para-un-senator-1-2\/#primaryimage"},"thumbnailUrl":"https:\/\/i0.wp.com\/www.gacetaeronautica.com\/gaceta\/wp-101\/wp-content\/uploads\/2026\/09\/001-PORTADA.jpg?fit=1600%2C1131&ssl=1","keywords":["#HistorialesVisuales","A-4 Skyhawk","Guerra A\u00e9rea en Vietnam","Skyhawks Illustrated"],"articleSection":["Defensa y seguridad","Spotting &amp; investigaci\u00f3n"],"inLanguage":"es","potentialAction":[{"@type":"CommentAction","name":"Comment","target":["https:\/\/www.gacetaeronautica.com\/gaceta\/wp-101\/skyhawks-illustrated-13049-dos-halcones-para-un-senator-1-2\/#respond"]}]},{"@type":"WebPage","@id":"https:\/\/www.gacetaeronautica.com\/gaceta\/wp-101\/skyhawks-illustrated-13049-dos-halcones-para-un-senator-1-2\/","url":"https:\/\/www.gacetaeronautica.com\/gaceta\/wp-101\/skyhawks-illustrated-13049-dos-halcones-para-un-senator-1-2\/","name":"Skyhawks Illustrated #13049: Dos halcones para un senador (1\/2) - Gaceta Aeronautica","isPartOf":{"@id":"https:\/\/www.gacetaeronautica.com\/gaceta\/wp-101\/#website"},"primaryImageOfPage":{"@id":"https:\/\/www.gacetaeronautica.com\/gaceta\/wp-101\/skyhawks-illustrated-13049-dos-halcones-para-un-senator-1-2\/#primaryimage"},"image":{"@id":"https:\/\/www.gacetaeronautica.com\/gaceta\/wp-101\/skyhawks-illustrated-13049-dos-halcones-para-un-senator-1-2\/#primaryimage"},"thumbnailUrl":"https:\/\/i0.wp.com\/www.gacetaeronautica.com\/gaceta\/wp-101\/wp-content\/uploads\/2026\/09\/001-PORTADA.jpg?fit=1600%2C1131&ssl=1","datePublished":"2026-09-03T15:00:09+00:00","dateModified":"2026-09-03T15:12:38+00:00","breadcrumb":{"@id":"https:\/\/www.gacetaeronautica.com\/gaceta\/wp-101\/skyhawks-illustrated-13049-dos-halcones-para-un-senator-1-2\/#breadcrumb"},"inLanguage":"es","potentialAction":[{"@type":"ReadAction","target":["https:\/\/www.gacetaeronautica.com\/gaceta\/wp-101\/skyhawks-illustrated-13049-dos-halcones-para-un-senator-1-2\/"]}]},{"@type":"ImageObject","inLanguage":"es","@id":"https:\/\/www.gacetaeronautica.com\/gaceta\/wp-101\/skyhawks-illustrated-13049-dos-halcones-para-un-senator-1-2\/#primaryimage","url":"https:\/\/i0.wp.com\/www.gacetaeronautica.com\/gaceta\/wp-101\/wp-content\/uploads\/2026\/09\/001-PORTADA.jpg?fit=1600%2C1131&ssl=1","contentUrl":"https:\/\/i0.wp.com\/www.gacetaeronautica.com\/gaceta\/wp-101\/wp-content\/uploads\/2026\/09\/001-PORTADA.jpg?fit=1600%2C1131&ssl=1","width":1600,"height":1131,"caption":"Vista de perfil del A-4E Skyhawk BuNo 149996, asignado al LCDR John S. McCain a bordo del USS \u201cForrestal\u201d el 29\/07\/1967. (Arte: Javier \u201cJavo\u201d Ruberto, \u201cPerfiles en Detalle\u201d)."},{"@type":"BreadcrumbList","@id":"https:\/\/www.gacetaeronautica.com\/gaceta\/wp-101\/skyhawks-illustrated-13049-dos-halcones-para-un-senator-1-2\/#breadcrumb","itemListElement":[{"@type":"ListItem","position":1,"name":"Portada","item":"https:\/\/www.gacetaeronautica.com\/gaceta\/wp-101\/"},{"@type":"ListItem","position":2,"name":"Skyhawks Illustrated #13049: Dos halcones para un senador (1\/2)"}]},{"@type":"WebSite","@id":"https:\/\/www.gacetaeronautica.com\/gaceta\/wp-101\/#website","url":"https:\/\/www.gacetaeronautica.com\/gaceta\/wp-101\/","name":"Gaceta Aeronautica","description":"Noticias, opini\u00f3n, historia y referencia aeron\u00e1utica","publisher":{"@id":"https:\/\/www.gacetaeronautica.com\/gaceta\/wp-101\/#organization"},"potentialAction":[{"@type":"SearchAction","target":{"@type":"EntryPoint","urlTemplate":"https:\/\/www.gacetaeronautica.com\/gaceta\/wp-101\/?s={search_term_string}"},"query-input":{"@type":"PropertyValueSpecification","valueRequired":true,"valueName":"search_term_string"}}],"inLanguage":"es"},{"@type":"Organization","@id":"https:\/\/www.gacetaeronautica.com\/gaceta\/wp-101\/#organization","name":"Gaceta Aeronautica","url":"https:\/\/www.gacetaeronautica.com\/gaceta\/wp-101\/","logo":{"@type":"ImageObject","inLanguage":"es","@id":"https:\/\/www.gacetaeronautica.com\/gaceta\/wp-101\/#\/schema\/logo\/image\/","url":"https:\/\/i0.wp.com\/www.gacetaeronautica.com\/gaceta\/wp-101\/wp-content\/uploads\/2021\/01\/ga-icon-big.jpg?fit=181%2C181&ssl=1","contentUrl":"https:\/\/i0.wp.com\/www.gacetaeronautica.com\/gaceta\/wp-101\/wp-content\/uploads\/2021\/01\/ga-icon-big.jpg?fit=181%2C181&ssl=1","width":181,"height":181,"caption":"Gaceta Aeronautica"},"image":{"@id":"https:\/\/www.gacetaeronautica.com\/gaceta\/wp-101\/#\/schema\/logo\/image\/"},"sameAs":["https:\/\/www.facebook.com\/Gaceta-Aeronautica-116866231657967\/","https:\/\/x.com\/gacetaeronautic","https:\/\/www.instagram.com\/gacetaeronautica\/"]},{"@type":"Person","@id":"https:\/\/www.gacetaeronautica.com\/gaceta\/wp-101\/#\/schema\/person\/8b3c950ec749dd40deaef9e4d6e04044","name":"Guillermo Canosa","image":{"@type":"ImageObject","inLanguage":"es","@id":"https:\/\/secure.gravatar.com\/avatar\/74512c23f1951b5c4cf4ea589a35d5613adaf338bbbb6b2cebf56c9d44d171b7?s=96&d=blank&r=g","url":"https:\/\/secure.gravatar.com\/avatar\/74512c23f1951b5c4cf4ea589a35d5613adaf338bbbb6b2cebf56c9d44d171b7?s=96&d=blank&r=g","contentUrl":"https:\/\/secure.gravatar.com\/avatar\/74512c23f1951b5c4cf4ea589a35d5613adaf338bbbb6b2cebf56c9d44d171b7?s=96&d=blank&r=g","caption":"Guillermo Canosa"},"url":"https:\/\/www.gacetaeronautica.com\/gaceta\/wp-101\/author\/gloster1948gmail-com\/"}]}},"jetpack-related-posts":[{"id":49104,"url":"https:\/\/www.gacetaeronautica.com\/gaceta\/wp-101\/skyhawks-illustrated-14161-al-maestro-con-carino\/","url_meta":{"origin":59062,"position":0},"title":"Skyhawks Illustrated #14161: Al maestro con cari\u00f1o","author":"Guillermo Canosa","date":"27\/03\/2023","format":false,"excerpt":"La versi\u00f3n de dos plazas de este notable avi\u00f3n surgi\u00f3 de la necesidad de tareas de conversi\u00f3n operativa y de entrenamiento a principios de la d\u00e9cada de 1960. Varias generaciones de pilotos fueron entrenados en variantes que van desde el TA-4E original hasta el TA-4J final, incluidos los pilotos de\u2026","rel":"","context":"En \u00abDefensa y seguridad\u00bb","block_context":{"text":"Defensa y seguridad","link":"https:\/\/www.gacetaeronautica.com\/gaceta\/wp-101\/category\/defensa-seguridad\/"},"img":{"alt_text":"Puesta en marcha","src":"https:\/\/i0.wp.com\/www.gacetaeronautica.com\/gaceta\/wp-101\/wp-content\/uploads\/3023\/03\/AUT-X-Trevor-Bartlet-890331-KNQI-158075_edited.jpg?fit=1024%2C576&ssl=1&resize=350%2C200","width":350,"height":200,"srcset":"https:\/\/i0.wp.com\/www.gacetaeronautica.com\/gaceta\/wp-101\/wp-content\/uploads\/3023\/03\/AUT-X-Trevor-Bartlet-890331-KNQI-158075_edited.jpg?fit=1024%2C576&ssl=1&resize=350%2C200 1x, https:\/\/i0.wp.com\/www.gacetaeronautica.com\/gaceta\/wp-101\/wp-content\/uploads\/3023\/03\/AUT-X-Trevor-Bartlet-890331-KNQI-158075_edited.jpg?fit=1024%2C576&ssl=1&resize=525%2C300 1.5x, https:\/\/i0.wp.com\/www.gacetaeronautica.com\/gaceta\/wp-101\/wp-content\/uploads\/3023\/03\/AUT-X-Trevor-Bartlet-890331-KNQI-158075_edited.jpg?fit=1024%2C576&ssl=1&resize=700%2C400 2x"},"classes":[]},{"id":49046,"url":"https:\/\/www.gacetaeronautica.com\/gaceta\/wp-101\/skyhawks-illustrated-13265-el-a-4-de-jester-en-top-gun\/","url_meta":{"origin":59062,"position":1},"title":"Skyhawks Illustrated #13265: El A-4 de Jester en Top Gun","author":"Guillermo Canosa","date":"20\/03\/2023","format":false,"excerpt":"El Skyhawk de nuestra historia se fabric\u00f3 en la planta de Douglas Aircraft Company en Long Beach y se entreg\u00f3 a la US Navy el 01JUN1964. Registr\u00f3 una actividad larga e intensa, desde la Guerra de Vietnam hasta la Escuela de Armas de Combate Naval (NFWS) \"Top Gun\".","rel":"","context":"En \u00abDefensa y seguridad\u00bb","block_context":{"text":"Defensa y seguridad","link":"https:\/\/www.gacetaeronautica.com\/gaceta\/wp-101\/category\/defensa-seguridad\/"},"img":{"alt_text":"Jester","src":"https:\/\/i0.wp.com\/www.gacetaeronautica.com\/gaceta\/wp-101\/wp-content\/uploads\/3023\/03\/000-PORTADA.jpg?fit=1024%2C581&ssl=1&resize=350%2C200","width":350,"height":200,"srcset":"https:\/\/i0.wp.com\/www.gacetaeronautica.com\/gaceta\/wp-101\/wp-content\/uploads\/3023\/03\/000-PORTADA.jpg?fit=1024%2C581&ssl=1&resize=350%2C200 1x, https:\/\/i0.wp.com\/www.gacetaeronautica.com\/gaceta\/wp-101\/wp-content\/uploads\/3023\/03\/000-PORTADA.jpg?fit=1024%2C581&ssl=1&resize=525%2C300 1.5x, https:\/\/i0.wp.com\/www.gacetaeronautica.com\/gaceta\/wp-101\/wp-content\/uploads\/3023\/03\/000-PORTADA.jpg?fit=1024%2C581&ssl=1&resize=700%2C400 2x"},"classes":[]},{"id":41854,"url":"https:\/\/www.gacetaeronautica.com\/gaceta\/wp-101\/skyhawks-illustrated-10709-el-primer-scooter\/","url_meta":{"origin":59062,"position":2},"title":"Skyhawks Illustrated #10709: \u201cEl primer Scooter\u201d","author":"Carlos Ay","date":"23\/06\/2021","format":false,"excerpt":"Literalmente \"construido a mano\", el primer prototipo XA4D-1 fue montado en la planta de Douglas Aircraft Company en El Segundo, CA, estaba impulsado por un motor Curtiss-Wright J65-W-16A y ven\u00eda equipado con un parabrisas de una pieza, sin gancho de cola, sonda de reabastecimiento de combustible ni deflector de escape\u2026","rel":"","context":"En \u00abIndustria\u00bb","block_context":{"text":"Industria","link":"https:\/\/www.gacetaeronautica.com\/gaceta\/wp-101\/category\/industria\/"},"img":{"alt_text":"California (1954)","src":"https:\/\/i0.wp.com\/www.gacetaeronautica.com\/gaceta\/wp-101\/wp-content\/uploads\/2021\/06\/195253672-1.jpg?fit=1024%2C576&ssl=1&resize=350%2C200","width":350,"height":200,"srcset":"https:\/\/i0.wp.com\/www.gacetaeronautica.com\/gaceta\/wp-101\/wp-content\/uploads\/2021\/06\/195253672-1.jpg?fit=1024%2C576&ssl=1&resize=350%2C200 1x, https:\/\/i0.wp.com\/www.gacetaeronautica.com\/gaceta\/wp-101\/wp-content\/uploads\/2021\/06\/195253672-1.jpg?fit=1024%2C576&ssl=1&resize=525%2C300 1.5x, https:\/\/i0.wp.com\/www.gacetaeronautica.com\/gaceta\/wp-101\/wp-content\/uploads\/2021\/06\/195253672-1.jpg?fit=1024%2C576&ssl=1&resize=700%2C400 2x"},"classes":[]},{"id":47533,"url":"https:\/\/www.gacetaeronautica.com\/gaceta\/wp-101\/skyhawks-illustrated-12505-veterano-del-ataque-al-portaaviones-hms-invincible\/","url_meta":{"origin":59062,"position":3},"title":"Skyhawks Illustrated #12505: Veterano del ataque al portaaviones HMS \u201cInvincible\u201d","author":"Guillermo Canosa","date":"06\/10\/2022","format":false,"excerpt":"Construido inicialmente para operar a bordo de portaaviones estadounidenses, el A-4C Skyhawk Bu. Nr. 147741 tuvo una rica historia operativa dado que prest\u00f3 servicio en tiempos de guerra o tiempos de crisis tanto en la US Navy como m\u00e1s tarde en la FAA.","rel":"","context":"En \u00abDefensa y seguridad\u00bb","block_context":{"text":"Defensa y seguridad","link":"https:\/\/www.gacetaeronautica.com\/gaceta\/wp-101\/category\/defensa-seguridad\/"},"img":{"alt_text":"Kill marks","src":"https:\/\/i0.wp.com\/www.gacetaeronautica.com\/gaceta\/wp-101\/wp-content\/uploads\/3022\/10\/1985-11-29-0D0012_edited.jpg?fit=1024%2C576&ssl=1&resize=350%2C200","width":350,"height":200,"srcset":"https:\/\/i0.wp.com\/www.gacetaeronautica.com\/gaceta\/wp-101\/wp-content\/uploads\/3022\/10\/1985-11-29-0D0012_edited.jpg?fit=1024%2C576&ssl=1&resize=350%2C200 1x, https:\/\/i0.wp.com\/www.gacetaeronautica.com\/gaceta\/wp-101\/wp-content\/uploads\/3022\/10\/1985-11-29-0D0012_edited.jpg?fit=1024%2C576&ssl=1&resize=525%2C300 1.5x, https:\/\/i0.wp.com\/www.gacetaeronautica.com\/gaceta\/wp-101\/wp-content\/uploads\/3022\/10\/1985-11-29-0D0012_edited.jpg?fit=1024%2C576&ssl=1&resize=700%2C400 2x"},"classes":[]},{"id":51057,"url":"https:\/\/www.gacetaeronautica.com\/gaceta\/wp-101\/skyhawk-illustrated-14414-un-top-gun-de-miramar-rinde-homenaje-en-leones-argentina\/","url_meta":{"origin":59062,"position":4},"title":"Skyhawk Illustrated #14414: Un Top Gun de Miramar rinde homenaje en Leones, Argentina","author":"Guillermo Canosa","date":"26\/10\/2023","format":false,"excerpt":"Nuestro A-4M Skyhawk protagonista\u00a0fue fabricado en 1975 en la planta de McDonnell Douglas en Long Beach, y se le asign\u00f3 el n\u00famero BuNo 159473. Fue un Top Gun y ternin\u00f3 siendo exportado a Argentina en los a\u00f1os 90s.","rel":"","context":"En \u00abDefensa y seguridad\u00bb","block_context":{"text":"Defensa y seguridad","link":"https:\/\/www.gacetaeronautica.com\/gaceta\/wp-101\/category\/defensa-seguridad\/"},"img":{"alt_text":"Plaza Homenaje a Jos\u00e9 Luis Allende","src":"https:\/\/i0.wp.com\/www.gacetaeronautica.com\/gaceta\/wp-101\/wp-content\/uploads\/2023\/10\/00-Avion-de-combate-monumento-_-_En-el-cielo-del-82_-YouTube-2_35_edited.jpg?fit=1024%2C576&ssl=1&resize=350%2C200","width":350,"height":200,"srcset":"https:\/\/i0.wp.com\/www.gacetaeronautica.com\/gaceta\/wp-101\/wp-content\/uploads\/2023\/10\/00-Avion-de-combate-monumento-_-_En-el-cielo-del-82_-YouTube-2_35_edited.jpg?fit=1024%2C576&ssl=1&resize=350%2C200 1x, https:\/\/i0.wp.com\/www.gacetaeronautica.com\/gaceta\/wp-101\/wp-content\/uploads\/2023\/10\/00-Avion-de-combate-monumento-_-_En-el-cielo-del-82_-YouTube-2_35_edited.jpg?fit=1024%2C576&ssl=1&resize=525%2C300 1.5x, https:\/\/i0.wp.com\/www.gacetaeronautica.com\/gaceta\/wp-101\/wp-content\/uploads\/2023\/10\/00-Avion-de-combate-monumento-_-_En-el-cielo-del-82_-YouTube-2_35_edited.jpg?fit=1024%2C576&ssl=1&resize=700%2C400 2x"},"classes":[]},{"id":53492,"url":"https:\/\/www.gacetaeronautica.com\/gaceta\/wp-101\/skyhawk-el-pequeno-bolido-de-heinemann-cumple-70-anos\/","url_meta":{"origin":59062,"position":5},"title":"Skyhawk: El \u00abPeque\u00f1o B\u00f3lido\u00bb de Heinemann cumple 70 a\u00f1os","author":"Javier \"Javo\" Ruberto","date":"21\/06\/2024","format":false,"excerpt":"Setenta perfiles de Javier \"Javo\" Ruberto para conmemorar el septuag\u00e9simo aniversario del primer vuelo del Douglas A-4 Skyhawk. Un avi\u00f3n que ha estado haciendo historia desde ese primer vuelo hasta nuestros d\u00edas.","rel":"","context":"En \u00abDefensa y seguridad\u00bb","block_context":{"text":"Defensa y seguridad","link":"https:\/\/www.gacetaeronautica.com\/gaceta\/wp-101\/category\/defensa-seguridad\/"},"img":{"alt_text":"","src":"https:\/\/i0.wp.com\/www.gacetaeronautica.com\/gaceta\/wp-101\/wp-content\/uploads\/2024\/06\/70aniversarioSkyhawk.jpeg?fit=1024%2C768&ssl=1&resize=350%2C200","width":350,"height":200,"srcset":"https:\/\/i0.wp.com\/www.gacetaeronautica.com\/gaceta\/wp-101\/wp-content\/uploads\/2024\/06\/70aniversarioSkyhawk.jpeg?fit=1024%2C768&ssl=1&resize=350%2C200 1x, https:\/\/i0.wp.com\/www.gacetaeronautica.com\/gaceta\/wp-101\/wp-content\/uploads\/2024\/06\/70aniversarioSkyhawk.jpeg?fit=1024%2C768&ssl=1&resize=525%2C300 1.5x, https:\/\/i0.wp.com\/www.gacetaeronautica.com\/gaceta\/wp-101\/wp-content\/uploads\/2024\/06\/70aniversarioSkyhawk.jpeg?fit=1024%2C768&ssl=1&resize=700%2C400 2x"},"classes":[]}],"jetpack_likes_enabled":true,"jetpack_sharing_enabled":true,"jetpack_shortlink":"https:\/\/wp.me\/p1P39s-fmC","jetpack_featured_media_url":"https:\/\/i0.wp.com\/www.gacetaeronautica.com\/gaceta\/wp-101\/wp-content\/uploads\/2026\/09\/001-PORTADA.jpg?fit=1600%2C1131&ssl=1","_links":{"self":[{"href":"https:\/\/www.gacetaeronautica.com\/gaceta\/wp-101\/wp-json\/wp\/v2\/posts\/59062","targetHints":{"allow":["GET"]}}],"collection":[{"href":"https:\/\/www.gacetaeronautica.com\/gaceta\/wp-101\/wp-json\/wp\/v2\/posts"}],"about":[{"href":"https:\/\/www.gacetaeronautica.com\/gaceta\/wp-101\/wp-json\/wp\/v2\/types\/post"}],"author":[{"embeddable":true,"href":"https:\/\/www.gacetaeronautica.com\/gaceta\/wp-101\/wp-json\/wp\/v2\/users\/76"}],"replies":[{"embeddable":true,"href":"https:\/\/www.gacetaeronautica.com\/gaceta\/wp-101\/wp-json\/wp\/v2\/comments?post=59062"}],"version-history":[{"count":22,"href":"https:\/\/www.gacetaeronautica.com\/gaceta\/wp-101\/wp-json\/wp\/v2\/posts\/59062\/revisions"}],"predecessor-version":[{"id":59266,"href":"https:\/\/www.gacetaeronautica.com\/gaceta\/wp-101\/wp-json\/wp\/v2\/posts\/59062\/revisions\/59266"}],"wp:featuredmedia":[{"embeddable":true,"href":"https:\/\/www.gacetaeronautica.com\/gaceta\/wp-101\/wp-json\/wp\/v2\/media\/59070"}],"wp:attachment":[{"href":"https:\/\/www.gacetaeronautica.com\/gaceta\/wp-101\/wp-json\/wp\/v2\/media?parent=59062"}],"wp:term":[{"taxonomy":"category","embeddable":true,"href":"https:\/\/www.gacetaeronautica.com\/gaceta\/wp-101\/wp-json\/wp\/v2\/categories?post=59062"},{"taxonomy":"post_tag","embeddable":true,"href":"https:\/\/www.gacetaeronautica.com\/gaceta\/wp-101\/wp-json\/wp\/v2\/tags?post=59062"}],"curies":[{"name":"wp","href":"https:\/\/api.w.org\/{rel}","templated":true}]}}