{"id":59207,"date":"2026-08-31T17:00:39","date_gmt":"2026-08-31T15:00:39","guid":{"rendered":"https:\/\/www.gacetaeronautica.com\/gaceta\/wp-101\/?p=59207"},"modified":"2026-08-30T18:46:55","modified_gmt":"2026-08-30T16:46:55","slug":"flybondi-nadie-sospecho-nada","status":"publish","type":"post","link":"https:\/\/www.gacetaeronautica.com\/gaceta\/wp-101\/flybondi-nadie-sospecho-nada\/","title":{"rendered":"Flybondi \u00bfNadie sospech\u00f3 nada?"},"content":{"rendered":"<p>El CESA es un documento emitido por la autoridad aeron\u00e1utica de un pa\u00eds que certifica que una empresa tiene capacidad para funcionar como operador de servicios aerocomerciales. Su principal funci\u00f3n es garantizar la seguridad operacional, pero esto s\u00f3lo es posible a partir de la observaci\u00f3n de diversos requisitos:<\/p>\n<ul>\n<li><strong>Capacidad econ\u00f3mico-financiera.<\/strong> En particular, la solvencia necesaria para respaldar la operaci\u00f3n, cubrir los costos operativos, de mantenimiento, seguros, salarios, etc\u00e9tera<\/li>\n<li><strong>Constituci\u00f3n legal y comercial. <\/strong>Personer\u00eda jur\u00eddica, objeto social, idoneidad legal de sus representantes y cumplimiento de las normas de propiedad y control del capital.<\/li>\n<li><strong>Capacidad t\u00e9cnica y operacional:<\/strong> Disponibilidad de aeronaves. Aprobaci\u00f3n del manual de operaciones, los planes de entrenamiento de las tripulaciones, las rutas proyectadas y la estructura organizativa (gerentes responsables de operaciones, seguridad e instrucci\u00f3n).<\/li>\n<li><strong>Mantenimiento y aeronavegabilidad:<\/strong> Evaluaci\u00f3n de los programas de mantenimiento aprobados, la idoneidad de los talleres y las condiciones de aeronavegabilidad de la flota.<\/li>\n<li><strong>Sistema de gesti\u00f3n de la seguridad operacional (SMS):<\/strong> Implementaci\u00f3n de procesos obligatorios para la identificaci\u00f3n de peligros, gesti\u00f3n de riesgos y prevenci\u00f3n de accidentes.<\/li>\n<\/ul>\n<p>La obtenci\u00f3n de este certificado es un tr\u00e1mite largo y complejo, que exige la presentaci\u00f3n de elementos concretos, el m\u00e1s contundente de todos es un avi\u00f3n propio o claramente alquilado, pero todos son importantes.<\/p>\n<p>A diferencia de las certificaciones aeron\u00e1uticas personales, que deben revalidarse cada cierto lapso de tiempo, el CESA, una vez obtenido, permanece vigente sin otras verificaciones posteriores. La \u00fanica vez que la autoridad aeron\u00e1utica decidi\u00f3 auditar seriamente qu\u00e9 estaba ocurriendo en esta materia, que fue durante la breve gesti\u00f3n de Marina Donato en la SSTAC (2000\/01), se descubri\u00f3 que hab\u00eda varias decenas de empresas autorizadas que no ten\u00edan capacidad t\u00e9cnica para operar, realiz\u00e1ndose una depuraci\u00f3n importante.<\/p>\n<p>El caso m\u00e1s desopilante es relativamente reciente, en julio de 2024 la ANAC suspendi\u00f3 el CESA de la empresa Dos Mil Aerosistemas alegando que no ten\u00eda ning\u00fan avi\u00f3n, pero despu\u00e9s se demostr\u00f3 que s\u00ed dispon\u00eda de un Metroliner, y en abril de 2025 la medida se revoc\u00f3. Incre\u00edble, pero real.<\/p>\n<p>Para una empresa, tener el CESA es un activo que le permite funcionar y para la sociedad es la garant\u00eda de que los operadores aerocomerciales est\u00e1n a la altura de sus obligaciones, pero esto \u00faltimo no se cumple siempre, porque la autoridad argentina, salvo casos graves, evidentes y denunciados, muchas veces prefieren dejar las cosas como est\u00e1n y no sancionar a las empresas, para evitarles un perjuicio econ\u00f3mico, algo que, inevitablemente, termina perjudicando al pasajero.<\/p>\n<p>Un trabajo gigantesco a nivel mundial ha logrado que, en estos tiempos, sea muy dif\u00edcil que un avi\u00f3n tenga un accidente grave, pero la base de esto es que las autoridades controlen y cumplan las normativas a rajatabla. La relajaci\u00f3n del control de la normativa es uno de los primeros pasos hacia un universo de problemas.<\/p>\n<h3><strong>El caso de Flybondi<\/strong><\/h3>\n<p>FB L\u00edneas A\u00e9reas fue inscripta como sociedad an\u00f3nima el 22 de septiembre de 2016, con un capital de 100.000 pesos argentinos (unos 6.500 d\u00f3lares estadounidenses en ese momento). Inmediatamente solicit\u00f3 concesiones para explotar m\u00e1s de cien rutas, manifestando buenas intenciones, aunque estaba claro que carec\u00eda de medios para hacerlo, entre otras cosas, porque:<\/p>\n<ul>\n<li>No ten\u00eda el capital necesario para un emprendimiento de esta magnitud.<\/li>\n<li>No ten\u00eda el personal t\u00e9cnico ni administrativo.<\/li>\n<li>No ten\u00eda aviones.<\/li>\n<li>No ten\u00eda CESA.<\/li>\n<li>No ten\u00eda ninguna capacidad de mantenimiento.<\/li>\n<li>No estaba en condiciones de garantizar la continuidad de sus servicios.<\/li>\n<\/ul>\n<p>En aquella \u00e9poca la autoridad concesionaba a las empresas para operar una ruta con total independencia de que \u00e9stas tuvieran capacidad para hacerlo. Se llamaba a una audiencia p\u00fablica, que muchas veces ten\u00eda m\u00e1s caracter\u00edsticas de show que de acto administrativo, en la que se analizaba la \u201cutilidad, necesidad, y conveniencia\u201d de la concesi\u00f3n, una junta de funcionarios elegidos arbitrariamente opinaba y asesoraba a la autoridad, que estaba en capacidad de dar la concesi\u00f3n (ver <strong><em><a href=\"https:\/\/www.gacetaeronautica.com\/gaceta\/wp-101\/una-audiencia-pblica-larga\/\" target=\"_blank\" rel=\"noopener\">Una audiencia p\u00fablica larga<\/a><\/em><\/strong>).<\/p>\n<figure id=\"attachment_59214\" aria-describedby=\"caption-attachment-59214\" style=\"width: 800px\" class=\"wp-caption aligncenter\"><img data-recalc-dims=\"1\" loading=\"lazy\" decoding=\"async\" data-attachment-id=\"59214\" data-permalink=\"https:\/\/www.gacetaeronautica.com\/gaceta\/wp-101\/flybondi-nadie-sospecho-nada\/audiencia\/\" data-orig-file=\"https:\/\/i0.wp.com\/www.gacetaeronautica.com\/gaceta\/wp-101\/wp-content\/uploads\/2026\/08\/Audiencia.jpg?fit=800%2C541&amp;ssl=1\" data-orig-size=\"800,541\" data-comments-opened=\"1\" data-image-title=\"\" data-image-description=\"\" data-image-caption=\"&lt;p&gt;Cuando Flybondi solicit\u00f3 sus permisos, carec\u00eda del personal necesario para operar una l\u00ednea a\u00e9rea. Este aviso apareci\u00f3 en las redes el 23 de noviembre de 2017.   &lt;\/p&gt;\n\" data-large-file=\"https:\/\/i0.wp.com\/www.gacetaeronautica.com\/gaceta\/wp-101\/wp-content\/uploads\/2026\/08\/Audiencia.jpg?fit=800%2C541&amp;ssl=1\" class=\"size-full wp-image-59214\" src=\"https:\/\/i0.wp.com\/www.gacetaeronautica.com\/gaceta\/wp-101\/wp-content\/uploads\/2026\/08\/Audiencia.jpg?resize=800%2C541&#038;ssl=1\" alt=\"\" width=\"800\" height=\"541\" srcset=\"https:\/\/i0.wp.com\/www.gacetaeronautica.com\/gaceta\/wp-101\/wp-content\/uploads\/2026\/08\/Audiencia.jpg?w=800&amp;ssl=1 800w, https:\/\/i0.wp.com\/www.gacetaeronautica.com\/gaceta\/wp-101\/wp-content\/uploads\/2026\/08\/Audiencia.jpg?resize=300%2C203&amp;ssl=1 300w, https:\/\/i0.wp.com\/www.gacetaeronautica.com\/gaceta\/wp-101\/wp-content\/uploads\/2026\/08\/Audiencia.jpg?resize=768%2C519&amp;ssl=1 768w\" sizes=\"auto, (max-width: 800px) 100vw, 800px\" \/><figcaption id=\"caption-attachment-59214\" class=\"wp-caption-text\"><em>Cuando Flybondi solicit\u00f3 sus permisos, carec\u00eda del personal necesario para operar una l\u00ednea a\u00e9rea. Este aviso apareci\u00f3 en las redes el 23 de noviembre de 2017.<\/em><\/figcaption><\/figure>\n<hr \/>\n<p>Se supon\u00eda que se analizaba todo, pero de la lectura de muchas concesiones otorgadas a lo largo de d\u00e9cadas intuyo que las autoridades no analizaban nada, lo hac\u00edan mal o eran incompetentes.<\/p>\n<p>Este modo de hacer las cosas era una puerta abierta a la improvisaci\u00f3n y a los aventureros que abundan en el ambiente aeron\u00e1utico.<\/p>\n<p>Este procedimiento hoy no existe, pero se mantiene la capacidad de la autoridad aeron\u00e1utica para aprobar cualquier ruta a cualquier operador. Cambi\u00f3 todo para que nada cambie.<\/p>\n<figure id=\"attachment_59213\" aria-describedby=\"caption-attachment-59213\" style=\"width: 800px\" class=\"wp-caption aligncenter\"><img data-recalc-dims=\"1\" loading=\"lazy\" decoding=\"async\" data-attachment-id=\"59213\" data-permalink=\"https:\/\/www.gacetaeronautica.com\/gaceta\/wp-101\/flybondi-nadie-sospecho-nada\/f3-flybondi-171123-redes\/\" data-orig-file=\"https:\/\/i0.wp.com\/www.gacetaeronautica.com\/gaceta\/wp-101\/wp-content\/uploads\/2026\/08\/F3-Flybondi-171123-Redes-e1788107545462.jpg?fit=800%2C600&amp;ssl=1\" data-orig-size=\"800,600\" data-comments-opened=\"1\" data-image-title=\"\" data-image-description=\"\" data-image-caption=\"&lt;p&gt;Cuando Flybondi solicit\u00f3 sus permisos, carec\u00eda del personal necesario para operar una l\u00ednea a\u00e9rea. Este aviso apareci\u00f3 en las redes el 23 de noviembre de 2017.   &lt;\/p&gt;\n\" data-large-file=\"https:\/\/i0.wp.com\/www.gacetaeronautica.com\/gaceta\/wp-101\/wp-content\/uploads\/2026\/08\/F3-Flybondi-171123-Redes-e1788107545462.jpg?fit=800%2C600&amp;ssl=1\" class=\"size-full wp-image-59213\" src=\"https:\/\/i0.wp.com\/www.gacetaeronautica.com\/gaceta\/wp-101\/wp-content\/uploads\/2026\/08\/F3-Flybondi-171123-Redes-e1788107545462.jpg?resize=800%2C600&#038;ssl=1\" alt=\"\" width=\"800\" height=\"600\" \/><figcaption id=\"caption-attachment-59213\" class=\"wp-caption-text\"><em>Cuando Flybondi solicit\u00f3 sus permisos, carec\u00eda del personal necesario para operar una l\u00ednea a\u00e9rea. Este aviso apareci\u00f3 en las redes el 23 de noviembre de 2017.<\/em><\/figcaption><\/figure>\n<hr \/>\n<p>Por cuerda separada, pero tambi\u00e9n ante la ANAC, Flybondi inici\u00f3 los tr\u00e1mites para lograr su CESA, que fue extendido en 2017, y empez\u00f3 a operar el 26 de enero de 2018. En ese momento, en teor\u00eda y si las cosas se hicieron bien, la empresa cumpl\u00eda con todas las normas para estar en condiciones de operar servicios aerocomerciales.<\/p>\n<h3><strong>Los vericuetos del CESA<\/strong><\/h3>\n<p>Hoy por hoy el CESA, que es la diferencia entre poder operar o no poder hacerlo, es un activo transable, o funciona como si lo fuera. Y aqu\u00ed viene la necesidad de analizar c\u00f3mo funciona el CESA.<\/p>\n<p>Si un piloto es reprobado en un examen peri\u00f3dico (recurrent) autom\u00e1ticamente queda inhabilitado para volar. Si un avi\u00f3n no cumple con alg\u00fan \u00edtem de la MEL (lista de equipamiento m\u00ednimo), tampoco puede volar. Si las condiciones meteorol\u00f3gicas est\u00e1n por debajo de los m\u00ednimos de cada aeropuerto, \u00e9ste se cierra. Esta pol\u00edtica es uno de los pilares del concepto moderno de seguridad operativa y hay normas estrictas sobre cu\u00e1ndo deben hacerse estas verificaciones.<\/p>\n<p>Pero resulta que el CESA, por lo menos en la Argentina, dura para siempre porque la autoridad aeron\u00e1utica, siempre ha sido complaciente en este aspecto y evita tomar medidas dr\u00e1sticas que podr\u00edan significar la desaparici\u00f3n de las empresas, limit\u00e1ndose a confeccionar actas, pedir informes, intimar a hacer planes correctivos y otras bober\u00edas burocr\u00e1ticas que nunca conducen a nada.<\/p>\n<p>As\u00ed resulta que el documento que deber\u00eda garantizar la seguridad operativa de una aerol\u00ednea (y otras cosas) entre nosotros carece por completo de seriedad y, por car\u00e1cter transitivo, queda en duda toda la seriedad del sistema argentino.<\/p>\n<p>Y todo es as\u00ed para no perjudicar a empresas que no cumplen con cosas fundamentales.<\/p>\n<figure id=\"attachment_59216\" aria-describedby=\"caption-attachment-59216\" style=\"width: 800px\" class=\"wp-caption aligncenter\"><img data-recalc-dims=\"1\" loading=\"lazy\" decoding=\"async\" data-attachment-id=\"59216\" data-permalink=\"https:\/\/www.gacetaeronautica.com\/gaceta\/wp-101\/flybondi-nadie-sospecho-nada\/anac\/\" data-orig-file=\"https:\/\/i0.wp.com\/www.gacetaeronautica.com\/gaceta\/wp-101\/wp-content\/uploads\/2026\/08\/ANAC.jpg?fit=800%2C567&amp;ssl=1\" data-orig-size=\"800,567\" data-comments-opened=\"1\" data-image-title=\"ANAC\" data-image-description=\"\" data-image-caption=\"&lt;p&gt;La ANAC y su complacencia c\u00f3mplice es la gran responsable de lo que pasa con Flybondi (imagen PLP).&lt;\/p&gt;\n\" data-large-file=\"https:\/\/i0.wp.com\/www.gacetaeronautica.com\/gaceta\/wp-101\/wp-content\/uploads\/2026\/08\/ANAC.jpg?fit=800%2C567&amp;ssl=1\" class=\"size-full wp-image-59216\" src=\"https:\/\/i0.wp.com\/www.gacetaeronautica.com\/gaceta\/wp-101\/wp-content\/uploads\/2026\/08\/ANAC.jpg?resize=800%2C567&#038;ssl=1\" alt=\"\" width=\"800\" height=\"567\" srcset=\"https:\/\/i0.wp.com\/www.gacetaeronautica.com\/gaceta\/wp-101\/wp-content\/uploads\/2026\/08\/ANAC.jpg?w=800&amp;ssl=1 800w, https:\/\/i0.wp.com\/www.gacetaeronautica.com\/gaceta\/wp-101\/wp-content\/uploads\/2026\/08\/ANAC.jpg?resize=300%2C213&amp;ssl=1 300w, https:\/\/i0.wp.com\/www.gacetaeronautica.com\/gaceta\/wp-101\/wp-content\/uploads\/2026\/08\/ANAC.jpg?resize=768%2C544&amp;ssl=1 768w\" sizes=\"auto, (max-width: 800px) 100vw, 800px\" \/><figcaption id=\"caption-attachment-59216\" class=\"wp-caption-text\"><em>La ANAC y su complacencia c\u00f3mplice es la gran responsable de lo que pasa con Flybondi (imagen PLP).<\/em><\/figcaption><\/figure>\n<hr \/>\n<p>Flybondi tiene un r\u00e9cord interesante de infracciones. En octubre de 2024 La ANAC detect\u00f3 irregularidades varias en el taller de mantenimiento principal de la empresa en Ezeiza. El caso fue denunciado ante la Justicia Federal en abril de 2025, cuando fueron demandados su CEO y varios gerentes t\u00e9cnico por no haber acatado de suspender temporariamente las actividades en dicho taller, lo que habr\u00eda \u201cimplicado poner en peligro la seguridad operacional\u201d. La medida alcanz\u00f3 adem\u00e1s a autoridades de la ANAC por incumplimiento de los deberes de funcionario p\u00fablico<\/p>\n<p>Al mismo tiempo, por cancelaciones de vuelos comerciales y cambios de itinerarios se labraron tres actas de infracci\u00f3n.<\/p>\n<p>En 2026 comenz\u00f3 la seguidilla de cancelaciones de vuelos, lo que deriv\u00f3 en sanciones de varias de las provincias afectadas y una solicitud de la ANAC de un plan de acci\u00f3n para encaminar la cuesti\u00f3n, que fue presentado el 5 de agosto y aprobado por el organismo, que sostuvo que la empresa cumpl\u00eda con las exigencias de seguridad operacional y extendi\u00f3 su CESA, permiti\u00e9ndole seguir vendiendo pasajes y operando en Argentina, pero el 6 de agosto la empresa dej\u00f3 de volar, aunque no dej\u00f3 de ofrecer pasajes en venta.<\/p>\n<figure id=\"attachment_59217\" aria-describedby=\"caption-attachment-59217\" style=\"width: 800px\" class=\"wp-caption aligncenter\"><img data-recalc-dims=\"1\" loading=\"lazy\" decoding=\"async\" data-attachment-id=\"59217\" data-permalink=\"https:\/\/www.gacetaeronautica.com\/gaceta\/wp-101\/flybondi-nadie-sospecho-nada\/f5-20250126-redes-flybondi\/\" data-orig-file=\"https:\/\/i0.wp.com\/www.gacetaeronautica.com\/gaceta\/wp-101\/wp-content\/uploads\/2026\/08\/F5-20250126-Redes-Flybondi-e1788108203960.jpg?fit=800%2C800&amp;ssl=1\" data-orig-size=\"800,800\" data-comments-opened=\"1\" data-image-title=\"\" data-image-description=\"\" data-image-caption=\"&lt;p&gt;Meme relativo a las demoras de Flybondi publicado en redes sociales en enero de 2025.&lt;\/p&gt;\n\" data-large-file=\"https:\/\/i0.wp.com\/www.gacetaeronautica.com\/gaceta\/wp-101\/wp-content\/uploads\/2026\/08\/F5-20250126-Redes-Flybondi-e1788108203960.jpg?fit=1024%2C1024&amp;ssl=1\" class=\"size-full wp-image-59217\" src=\"https:\/\/i0.wp.com\/www.gacetaeronautica.com\/gaceta\/wp-101\/wp-content\/uploads\/2026\/08\/F5-20250126-Redes-Flybondi-e1788108203960.jpg?resize=800%2C800&#038;ssl=1\" alt=\"\" width=\"800\" height=\"800\" \/><figcaption id=\"caption-attachment-59217\" class=\"wp-caption-text\"><em>Meme relativo a las demoras de Flybondi publicado en redes sociales en enero de 2025.<\/em><\/figcaption><\/figure>\n<hr \/>\n<p>M\u00e1s expeditivo fue Brasil, que ante las primeras cancelaciones prohibi\u00f3 a la compa\u00f1\u00eda la comercializaci\u00f3n de tickets.<img data-recalc-dims=\"1\" loading=\"lazy\" decoding=\"async\" data-attachment-id=\"59208\" data-permalink=\"https:\/\/www.gacetaeronautica.com\/gaceta\/wp-101\/flybondi-nadie-sospecho-nada\/tabla-fb-fails\/\" data-orig-file=\"https:\/\/i0.wp.com\/www.gacetaeronautica.com\/gaceta\/wp-101\/wp-content\/uploads\/2026\/08\/Tabla-FB-fails.jpg?fit=480%2C525&amp;ssl=1\" data-orig-size=\"480,525\" data-comments-opened=\"1\" data-image-title=\"Tabla-FB-fails\" data-image-description=\"\" data-image-caption=\"\" data-large-file=\"https:\/\/i0.wp.com\/www.gacetaeronautica.com\/gaceta\/wp-101\/wp-content\/uploads\/2026\/08\/Tabla-FB-fails.jpg?fit=480%2C525&amp;ssl=1\" class=\"aligncenter size-full wp-image-59208\" src=\"https:\/\/i0.wp.com\/www.gacetaeronautica.com\/gaceta\/wp-101\/wp-content\/uploads\/2026\/08\/Tabla-FB-fails.jpg?resize=480%2C525&#038;ssl=1\" alt=\"\" width=\"480\" height=\"525\" srcset=\"https:\/\/i0.wp.com\/www.gacetaeronautica.com\/gaceta\/wp-101\/wp-content\/uploads\/2026\/08\/Tabla-FB-fails.jpg?w=480&amp;ssl=1 480w, https:\/\/i0.wp.com\/www.gacetaeronautica.com\/gaceta\/wp-101\/wp-content\/uploads\/2026\/08\/Tabla-FB-fails.jpg?resize=274%2C300&amp;ssl=1 274w\" sizes=\"auto, (max-width: 480px) 100vw, 480px\" \/><\/p>\n<p>Se dice que lo importante del CESA es que garantiza la seguridad, lo que es cierto, por lo que no se toman medidas ante los colapsos del servicio, la insolvencia, incumplimientos comerciales, y otras faltas consideradas menores o independientes de la seguridad.<\/p>\n<p>Ahora bien, qu\u00e9 grado de seguridad puede ofrecer una empresa insolvente, con el servicio colapsado, que no cumple con sus compromisos comerciales b\u00e1sicos (responder por todos sus actos), aunque tenga todos los papeles de sus aviones y sus tripulantes al d\u00eda. Esa situaci\u00f3n no se sostiene en el tiempo, aunque algunos dicen que una empresa que no vuela es segura porque no puede tener accidentes.<\/p>\n<p>Se dice que cancelar un CESA requiere un largo proceso administrativo cuyo no cumplimiento podr\u00eda generar reclamos judiciales, pero cuando hay flagrancia las cosas cambian, y la funci\u00f3n de la autoridad, si ejerce como autoridad, es prevenir males mayores.<\/p>\n<p>Es muy interesante que en esta reticencia en revocar los CESA hay una clara intenci\u00f3n de salvaguardar los intereses de las empresas, pero no se advierte una posici\u00f3n sim\u00e9trica en materia de defender los derechos de los pasajeros, en particular su derecho a ser transportados en tiempo y forma despu\u00e9s de haber pagado un pasaje, o a ser resarcidos inmediatamente en caso de que eso no se cumpla. La autoridad limita la importancia del CESA a una cuesti\u00f3n te\u00f3rica de seguridad operativa, ignorando todos los dem\u00e1s factores que hacen a la definici\u00f3n de un explotador de servicios a\u00e9reos.<\/p>\n<p>La situaci\u00f3n es que Flybondi no puede volar. No tiene dinero para combustible ni para pagar el leasing de sus aviones, ha despedido en los \u00faltimos tiempos a m\u00e1s de la mitad de su personal, lo que incluye pilotos, TCP, y t\u00e9cnicos, y muestra una situaci\u00f3n en la que su capacidad de operar con seguridad operativa real es nula, aunque los papeles digan otra cosa,. Entre otras cosas podemos plantear que dentro de Flybondi hay:<\/p>\n<ul>\n<li>Estr\u00e9s laboral extremo por incertidumbre salarial o despidos masivos, que mina la concentraci\u00f3n de tripulaciones y t\u00e9cnicos.<\/li>\n<li>Cadena de suministros (repuestos) destruida. Hay mecanismos l\u00edcitos (y discutidos) para saltear algunas prescripciones de las MEL pero esto los supera.<\/li>\n<li>No est\u00e1 claro qui\u00e9n es el due\u00f1o de la empresa, lo que s\u00ed parece evidente es que hay una pelea entre los due\u00f1os anteriores (Cartesian Capital Group) y COC Global Enterprise, que la propia Flybondi present\u00f3 el 18 de junio de 2025 como \u201cnuestro nuevo inversor principal. Es una situaci\u00f3n tradicional en una empresa destruida.<\/li>\n<\/ul>\n<figure id=\"attachment_59218\" aria-describedby=\"caption-attachment-59218\" style=\"width: 800px\" class=\"wp-caption aligncenter\"><img data-recalc-dims=\"1\" loading=\"lazy\" decoding=\"async\" data-attachment-id=\"59218\" data-permalink=\"https:\/\/www.gacetaeronautica.com\/gaceta\/wp-101\/flybondi-nadie-sospecho-nada\/izquierda-2\/\" data-orig-file=\"https:\/\/i0.wp.com\/www.gacetaeronautica.com\/gaceta\/wp-101\/wp-content\/uploads\/2026\/08\/izquierda.jpg?fit=800%2C450&amp;ssl=1\" data-orig-size=\"800,450\" data-comments-opened=\"1\" data-image-title=\"\" data-image-description=\"\" data-image-caption=\"&lt;p&gt;Trabajadores de Flybondi manifestando en Aeroparque el 14 de agosto de 2026 (imagen La Izquierda Diario).&lt;\/p&gt;\n\" data-large-file=\"https:\/\/i0.wp.com\/www.gacetaeronautica.com\/gaceta\/wp-101\/wp-content\/uploads\/2026\/08\/izquierda.jpg?fit=800%2C450&amp;ssl=1\" class=\"size-full wp-image-59218\" src=\"https:\/\/i0.wp.com\/www.gacetaeronautica.com\/gaceta\/wp-101\/wp-content\/uploads\/2026\/08\/izquierda.jpg?resize=800%2C450&#038;ssl=1\" alt=\"\" width=\"800\" height=\"450\" srcset=\"https:\/\/i0.wp.com\/www.gacetaeronautica.com\/gaceta\/wp-101\/wp-content\/uploads\/2026\/08\/izquierda.jpg?w=800&amp;ssl=1 800w, https:\/\/i0.wp.com\/www.gacetaeronautica.com\/gaceta\/wp-101\/wp-content\/uploads\/2026\/08\/izquierda.jpg?resize=300%2C169&amp;ssl=1 300w, https:\/\/i0.wp.com\/www.gacetaeronautica.com\/gaceta\/wp-101\/wp-content\/uploads\/2026\/08\/izquierda.jpg?resize=768%2C432&amp;ssl=1 768w\" sizes=\"auto, (max-width: 800px) 100vw, 800px\" \/><figcaption id=\"caption-attachment-59218\" class=\"wp-caption-text\"><em>Trabajadores de Flybondi manifestando en Aeroparque el 14 de agosto de 2026 (imagen La Izquierda Diario).<\/em><\/figcaption><\/figure>\n<hr \/>\n<p>Dicho de otro modo, hay s\u00edntomas (que no son nuevos) de que la empresa dej\u00f3 de volar porque sufre un desmantelamiento estructural que la hace peligrosa, algo que la prensa y la opini\u00f3n p\u00fablica han detectado hace rato pero que el regulador no.<\/p>\n<p>Por otro carril hay un problema adicional: Flybondi vendi\u00f3 miles de pasajes que no vol\u00f3 y no hay ninguna posibilidad l\u00f3gica de que esos pasajeros, que quedaron en tierra, sean indemnizados de modo satisfactorio. La legislaci\u00f3n local (que es una verg\u00fcenza) convierte una cancelaci\u00f3n de viaje en una cuesti\u00f3n que va a un arbitraje que en la pr\u00e1ctica se realiza \u2014cuando se realiza\u2014 meses despu\u00e9s con un mecanismo claramente dise\u00f1ado para que los damnificados se cansen y desistan de acciones judiciales por montos relativamente bajos.<\/p>\n<figure id=\"attachment_59219\" aria-describedby=\"caption-attachment-59219\" style=\"width: 752px\" class=\"wp-caption aligncenter\"><img data-recalc-dims=\"1\" loading=\"lazy\" decoding=\"async\" data-attachment-id=\"59219\" data-permalink=\"https:\/\/www.gacetaeronautica.com\/gaceta\/wp-101\/flybondi-nadie-sospecho-nada\/f7-estafados-por-flybondi-20260800-redes\/\" data-orig-file=\"https:\/\/i0.wp.com\/www.gacetaeronautica.com\/gaceta\/wp-101\/wp-content\/uploads\/2026\/08\/F7-Estafados-por-Flybondi-20260800-Redes.jpg?fit=752%2C498&amp;ssl=1\" data-orig-size=\"752,498\" data-comments-opened=\"1\" data-image-title=\"\" data-image-description=\"\" data-image-caption=\"&lt;p&gt;Reclamo de damnificados (imagen Facebook Estafados por Flybondi, agosto de 2026).&lt;\/p&gt;\n\" data-large-file=\"https:\/\/i0.wp.com\/www.gacetaeronautica.com\/gaceta\/wp-101\/wp-content\/uploads\/2026\/08\/F7-Estafados-por-Flybondi-20260800-Redes.jpg?fit=752%2C498&amp;ssl=1\" class=\"size-full wp-image-59219\" src=\"https:\/\/i0.wp.com\/www.gacetaeronautica.com\/gaceta\/wp-101\/wp-content\/uploads\/2026\/08\/F7-Estafados-por-Flybondi-20260800-Redes.jpg?resize=752%2C498&#038;ssl=1\" alt=\"\" width=\"752\" height=\"498\" srcset=\"https:\/\/i0.wp.com\/www.gacetaeronautica.com\/gaceta\/wp-101\/wp-content\/uploads\/2026\/08\/F7-Estafados-por-Flybondi-20260800-Redes.jpg?w=752&amp;ssl=1 752w, https:\/\/i0.wp.com\/www.gacetaeronautica.com\/gaceta\/wp-101\/wp-content\/uploads\/2026\/08\/F7-Estafados-por-Flybondi-20260800-Redes.jpg?resize=300%2C199&amp;ssl=1 300w\" sizes=\"auto, (max-width: 752px) 100vw, 752px\" \/><figcaption id=\"caption-attachment-59219\" class=\"wp-caption-text\"><em>Reclamo de damnificados (imagen Facebook Estafados por Flybondi, agosto de 2026).<\/em><\/figcaption><\/figure>\n<hr \/>\n<p>Claramente, no hay ninguna posibilidad de que la empresa reembolse los pasajes que no honr\u00f3, y menos de que pague multas, indemnizaciones ni nada. La normativa no exige la constituci\u00f3n de ning\u00fan tipo de garant\u00edas ni seguros para estos casos, algo que es bastante com\u00fan en otros pa\u00edses. Aqu\u00ed las aerol\u00edneas cobran por adelantado y si entran en cesaci\u00f3n de pagos el pasajero se convierte autom\u00e1ticamente en un acreedor quirografario (de \u00faltimo orden de cobro) en un eventual concurso de acreedores o quiebra. Hay muchos antecedentes.<\/p>\n<p>El marco regulatorio no ayuda. En su momento el Poder Ejecutivo vet\u00f3 que los problemas del transporte a\u00e9reo fueran tratados seg\u00fan la ley de defensa del consumidor, argumentando que eso deb\u00eda ser objeto de la legislaci\u00f3n aeron\u00e1utica, a pesar de que \u00e9sta no trata el tema. As\u00ed, ninguna autoridad aeron\u00e1utica se ocup\u00f3 seriamente de los derechos de los pasajeros. Cuando las papas quemaron con el caso de Flybondi (el m\u00e1s grave de la historia Argentina) se invent\u00f3 un mecanismo que apunt\u00f3 a una larga conciliaci\u00f3n individual, con poqu\u00edsimas posibilidades f\u00e1cticas de prosperar. En eso estamos, aunque algunos estudios jur\u00eddicos est\u00e1n proponiendo demandas colectivas.<\/p>\n<figure id=\"attachment_59220\" aria-describedby=\"caption-attachment-59220\" style=\"width: 540px\" class=\"wp-caption aligncenter\"><img data-recalc-dims=\"1\" loading=\"lazy\" decoding=\"async\" data-attachment-id=\"59220\" data-permalink=\"https:\/\/www.gacetaeronautica.com\/gaceta\/wp-101\/flybondi-nadie-sospecho-nada\/f8-vueno-tarde-20260700-redes\/\" data-orig-file=\"https:\/\/i0.wp.com\/www.gacetaeronautica.com\/gaceta\/wp-101\/wp-content\/uploads\/2026\/08\/F8-Vueno-Tarde-20260700-Redes.jpg?fit=540%2C532&amp;ssl=1\" data-orig-size=\"540,532\" data-comments-opened=\"1\" data-image-title=\"\" data-image-description=\"\" data-image-caption=\"&lt;p&gt;Invitaci\u00f3n a ingresar a un amparo colectivo contra Flybondi  (imagen redes sociales, agosto de 2026).&lt;\/p&gt;\n\" data-large-file=\"https:\/\/i0.wp.com\/www.gacetaeronautica.com\/gaceta\/wp-101\/wp-content\/uploads\/2026\/08\/F8-Vueno-Tarde-20260700-Redes.jpg?fit=540%2C532&amp;ssl=1\" class=\"size-full wp-image-59220\" src=\"https:\/\/i0.wp.com\/www.gacetaeronautica.com\/gaceta\/wp-101\/wp-content\/uploads\/2026\/08\/F8-Vueno-Tarde-20260700-Redes.jpg?resize=540%2C532&#038;ssl=1\" alt=\"\" width=\"540\" height=\"532\" srcset=\"https:\/\/i0.wp.com\/www.gacetaeronautica.com\/gaceta\/wp-101\/wp-content\/uploads\/2026\/08\/F8-Vueno-Tarde-20260700-Redes.jpg?w=540&amp;ssl=1 540w, https:\/\/i0.wp.com\/www.gacetaeronautica.com\/gaceta\/wp-101\/wp-content\/uploads\/2026\/08\/F8-Vueno-Tarde-20260700-Redes.jpg?resize=300%2C296&amp;ssl=1 300w\" sizes=\"auto, (max-width: 540px) 100vw, 540px\" \/><figcaption id=\"caption-attachment-59220\" class=\"wp-caption-text\"><em>Invitaci\u00f3n a ingresar a un amparo colectivo contra Flybondi (imagen redes sociales, agosto de 2026).<\/em><\/figcaption><\/figure>\n<hr \/>\n<p>Para completar el panorama agregamos que el 10 de agosto las cuentas bancarias de la empresa fueron embargadas por la Justicia, lo que complica a\u00fan m\u00e1s la vuelta a la normalidad de la compa\u00f1\u00eda.<\/p>\n<h3><strong>Si la autoridad no controla\u2026<\/strong><\/h3>\n<p>Cuando la autoridad regulatoria no controla, la puerta est\u00e1 abierta, y todos toman nota de ello. Hace unos d\u00edas el Aeroparque de la ciudad de Buenos Aires cancel\u00f3 todas sus operaciones por 55 horas para realizar tareas rutinarias de mantenimiento. Eso se supo con algunos meses de anticipaci\u00f3n y oblig\u00f3 a los operadores a tomar medidas extraordinarias, como alterar sus horarios, operar desde Ezeiza y cancelar algunos vuelos. Pero JetSmart, decidi\u00f3 no tomarse el trabajo de modificar su grilla y directamente cancel\u00f3 unos noventa vuelos, sac\u00e1ndose as\u00ed el problema de encima. La ANAC dice que va a estudiar el caso. \u00bfUsar\u00e1 la misma vara que est\u00e1 usando con Flybondi?<\/p>\n<hr \/>\n<p>&nbsp;<\/p>\n","protected":false},"excerpt":{"rendered":"<p>El CESA es un documento emitido por la autoridad aeron\u00e1utica de un pa\u00eds que certifica que una empresa tiene capacidad para funcionar como operador de servicios aerocomerciales. Su principal funci\u00f3n es garantizar la seguridad operacional. Pero cuando la autoridad regulatoria no controla, la puerta est\u00e1 abierta, y todos toman nota de ello. Flybondi lo hizo.<\/p>\n","protected":false},"author":3,"featured_media":59211,"comment_status":"open","ping_status":"closed","sticky":false,"template":"","format":"standard","meta":{"_jetpack_newsletter_access":"","_jetpack_dont_email_post_to_subs":false,"_jetpack_newsletter_tier_id":0,"_jetpack_memberships_contains_paywalled_content":false,"_jetpack_feature_clip_id":0,"_jetpack_memberships_contains_paid_content":false,"footnotes":"","jetpack_post_was_ever_published":false},"categories":[3],"tags":[562,415,417],"class_list":["post-59207","post","type-post","status-publish","format-standard","has-post-thumbnail","hentry","category-transporte","tag-anac","tag-flybondi","tag-lowcosts"],"yoast_head":"<!-- This site is optimized with the Yoast SEO plugin v28.3 - https:\/\/yoast.com\/product\/yoast-seo-wordpress\/ -->\n<title>Flybondi \u00bfNadie sospech\u00f3 nada? - Gaceta Aeronautica<\/title>\n<meta name=\"description\" content=\"Cuando la autoridad regulatoria no controla, la puerta est\u00e1 abierta, y todos toman nota de ello. \u00bfQui\u00e9n controla el CESA de Flybondi?\" \/>\n<meta name=\"robots\" content=\"index, follow, max-snippet:-1, max-image-preview:large, max-video-preview:-1\" \/>\n<link rel=\"canonical\" href=\"https:\/\/www.gacetaeronautica.com\/gaceta\/wp-101\/flybondi-nadie-sospecho-nada\/\" \/>\n<meta property=\"og:locale\" content=\"es_ES\" \/>\n<meta property=\"og:type\" content=\"article\" \/>\n<meta property=\"og:title\" content=\"Flybondi \u00bfNadie sospech\u00f3 nada? - Gaceta Aeronautica\" \/>\n<meta property=\"og:description\" content=\"Cuando la autoridad regulatoria no controla, la puerta est\u00e1 abierta, y todos toman nota de ello. \u00bfQui\u00e9n controla el CESA de Flybondi?\" \/>\n<meta property=\"og:url\" content=\"https:\/\/www.gacetaeronautica.com\/gaceta\/wp-101\/flybondi-nadie-sospecho-nada\/\" \/>\n<meta property=\"og:site_name\" content=\"Gaceta Aeronautica\" \/>\n<meta property=\"article:publisher\" content=\"https:\/\/www.facebook.com\/Gaceta-Aeronautica-116866231657967\/\" \/>\n<meta property=\"article:published_time\" content=\"2026-08-31T15:00:39+00:00\" \/>\n<meta property=\"og:image\" content=\"https:\/\/i0.wp.com\/www.gacetaeronautica.com\/gaceta\/wp-101\/wp-content\/uploads\/2026\/08\/F1-B737-20230823-Flybondi-Flybondi.jpg?fit=467%2C465&ssl=1\" \/>\n\t<meta property=\"og:image:width\" content=\"467\" \/>\n\t<meta property=\"og:image:height\" content=\"465\" \/>\n\t<meta property=\"og:image:type\" content=\"image\/jpeg\" \/>\n<meta name=\"author\" content=\"Pablo Luciano Potenze\" \/>\n<meta name=\"twitter:card\" content=\"summary_large_image\" \/>\n<meta name=\"twitter:creator\" content=\"@gacetaeronautic\" \/>\n<meta name=\"twitter:site\" content=\"@gacetaeronautic\" \/>\n<meta name=\"twitter:label1\" content=\"Escrito por\" \/>\n\t<meta name=\"twitter:data1\" content=\"Pablo Luciano Potenze\" \/>\n\t<meta name=\"twitter:label2\" content=\"Tiempo de lectura\" \/>\n\t<meta name=\"twitter:data2\" content=\"12 minutos\" \/>\n<script type=\"application\/ld+json\" class=\"yoast-schema-graph\">{\"@context\":\"https:\\\/\\\/schema.org\",\"@graph\":[{\"@type\":\"Article\",\"@id\":\"https:\\\/\\\/www.gacetaeronautica.com\\\/gaceta\\\/wp-101\\\/flybondi-nadie-sospecho-nada\\\/#article\",\"isPartOf\":{\"@id\":\"https:\\\/\\\/www.gacetaeronautica.com\\\/gaceta\\\/wp-101\\\/flybondi-nadie-sospecho-nada\\\/\"},\"author\":{\"name\":\"Pablo Luciano Potenze\",\"@id\":\"https:\\\/\\\/www.gacetaeronautica.com\\\/gaceta\\\/wp-101\\\/#\\\/schema\\\/person\\\/d8199b178418aa4d0541dc5650dc0162\"},\"headline\":\"Flybondi \u00bfNadie sospech\u00f3 nada?\",\"datePublished\":\"2026-08-31T15:00:39+00:00\",\"mainEntityOfPage\":{\"@id\":\"https:\\\/\\\/www.gacetaeronautica.com\\\/gaceta\\\/wp-101\\\/flybondi-nadie-sospecho-nada\\\/\"},\"wordCount\":2424,\"commentCount\":0,\"publisher\":{\"@id\":\"https:\\\/\\\/www.gacetaeronautica.com\\\/gaceta\\\/wp-101\\\/#organization\"},\"image\":{\"@id\":\"https:\\\/\\\/www.gacetaeronautica.com\\\/gaceta\\\/wp-101\\\/flybondi-nadie-sospecho-nada\\\/#primaryimage\"},\"thumbnailUrl\":\"https:\\\/\\\/i0.wp.com\\\/www.gacetaeronautica.com\\\/gaceta\\\/wp-101\\\/wp-content\\\/uploads\\\/2026\\\/08\\\/F1-B737-20230823-Flybondi-Flybondi.jpg?fit=467%2C465&ssl=1\",\"keywords\":[\"ANAC\",\"Flybondi\",\"Lowcosts\"],\"articleSection\":[\"Transporte aerocomercial\"],\"inLanguage\":\"es\",\"potentialAction\":[{\"@type\":\"CommentAction\",\"name\":\"Comment\",\"target\":[\"https:\\\/\\\/www.gacetaeronautica.com\\\/gaceta\\\/wp-101\\\/flybondi-nadie-sospecho-nada\\\/#respond\"]}]},{\"@type\":\"WebPage\",\"@id\":\"https:\\\/\\\/www.gacetaeronautica.com\\\/gaceta\\\/wp-101\\\/flybondi-nadie-sospecho-nada\\\/\",\"url\":\"https:\\\/\\\/www.gacetaeronautica.com\\\/gaceta\\\/wp-101\\\/flybondi-nadie-sospecho-nada\\\/\",\"name\":\"Flybondi \u00bfNadie sospech\u00f3 nada? - Gaceta Aeronautica\",\"isPartOf\":{\"@id\":\"https:\\\/\\\/www.gacetaeronautica.com\\\/gaceta\\\/wp-101\\\/#website\"},\"primaryImageOfPage\":{\"@id\":\"https:\\\/\\\/www.gacetaeronautica.com\\\/gaceta\\\/wp-101\\\/flybondi-nadie-sospecho-nada\\\/#primaryimage\"},\"image\":{\"@id\":\"https:\\\/\\\/www.gacetaeronautica.com\\\/gaceta\\\/wp-101\\\/flybondi-nadie-sospecho-nada\\\/#primaryimage\"},\"thumbnailUrl\":\"https:\\\/\\\/i0.wp.com\\\/www.gacetaeronautica.com\\\/gaceta\\\/wp-101\\\/wp-content\\\/uploads\\\/2026\\\/08\\\/F1-B737-20230823-Flybondi-Flybondi.jpg?fit=467%2C465&ssl=1\",\"datePublished\":\"2026-08-31T15:00:39+00:00\",\"description\":\"Cuando la autoridad regulatoria no controla, la puerta est\u00e1 abierta, y todos toman nota de ello. \u00bfQui\u00e9n controla el CESA de Flybondi?\",\"breadcrumb\":{\"@id\":\"https:\\\/\\\/www.gacetaeronautica.com\\\/gaceta\\\/wp-101\\\/flybondi-nadie-sospecho-nada\\\/#breadcrumb\"},\"inLanguage\":\"es\",\"potentialAction\":[{\"@type\":\"ReadAction\",\"target\":[\"https:\\\/\\\/www.gacetaeronautica.com\\\/gaceta\\\/wp-101\\\/flybondi-nadie-sospecho-nada\\\/\"]}]},{\"@type\":\"ImageObject\",\"inLanguage\":\"es\",\"@id\":\"https:\\\/\\\/www.gacetaeronautica.com\\\/gaceta\\\/wp-101\\\/flybondi-nadie-sospecho-nada\\\/#primaryimage\",\"url\":\"https:\\\/\\\/i0.wp.com\\\/www.gacetaeronautica.com\\\/gaceta\\\/wp-101\\\/wp-content\\\/uploads\\\/2026\\\/08\\\/F1-B737-20230823-Flybondi-Flybondi.jpg?fit=467%2C465&ssl=1\",\"contentUrl\":\"https:\\\/\\\/i0.wp.com\\\/www.gacetaeronautica.com\\\/gaceta\\\/wp-101\\\/wp-content\\\/uploads\\\/2026\\\/08\\\/F1-B737-20230823-Flybondi-Flybondi.jpg?fit=467%2C465&ssl=1\",\"width\":467,\"height\":465},{\"@type\":\"BreadcrumbList\",\"@id\":\"https:\\\/\\\/www.gacetaeronautica.com\\\/gaceta\\\/wp-101\\\/flybondi-nadie-sospecho-nada\\\/#breadcrumb\",\"itemListElement\":[{\"@type\":\"ListItem\",\"position\":1,\"name\":\"Portada\",\"item\":\"https:\\\/\\\/www.gacetaeronautica.com\\\/gaceta\\\/wp-101\\\/\"},{\"@type\":\"ListItem\",\"position\":2,\"name\":\"Flybondi \u00bfNadie sospech\u00f3 nada?\"}]},{\"@type\":\"WebSite\",\"@id\":\"https:\\\/\\\/www.gacetaeronautica.com\\\/gaceta\\\/wp-101\\\/#website\",\"url\":\"https:\\\/\\\/www.gacetaeronautica.com\\\/gaceta\\\/wp-101\\\/\",\"name\":\"Gaceta Aeronautica\",\"description\":\"Noticias, opini\u00f3n, historia y referencia aeron\u00e1utica\",\"publisher\":{\"@id\":\"https:\\\/\\\/www.gacetaeronautica.com\\\/gaceta\\\/wp-101\\\/#organization\"},\"potentialAction\":[{\"@type\":\"SearchAction\",\"target\":{\"@type\":\"EntryPoint\",\"urlTemplate\":\"https:\\\/\\\/www.gacetaeronautica.com\\\/gaceta\\\/wp-101\\\/?s={search_term_string}\"},\"query-input\":{\"@type\":\"PropertyValueSpecification\",\"valueRequired\":true,\"valueName\":\"search_term_string\"}}],\"inLanguage\":\"es\"},{\"@type\":\"Organization\",\"@id\":\"https:\\\/\\\/www.gacetaeronautica.com\\\/gaceta\\\/wp-101\\\/#organization\",\"name\":\"Gaceta Aeronautica\",\"url\":\"https:\\\/\\\/www.gacetaeronautica.com\\\/gaceta\\\/wp-101\\\/\",\"logo\":{\"@type\":\"ImageObject\",\"inLanguage\":\"es\",\"@id\":\"https:\\\/\\\/www.gacetaeronautica.com\\\/gaceta\\\/wp-101\\\/#\\\/schema\\\/logo\\\/image\\\/\",\"url\":\"https:\\\/\\\/i0.wp.com\\\/www.gacetaeronautica.com\\\/gaceta\\\/wp-101\\\/wp-content\\\/uploads\\\/2021\\\/01\\\/ga-icon-big.jpg?fit=181%2C181&ssl=1\",\"contentUrl\":\"https:\\\/\\\/i0.wp.com\\\/www.gacetaeronautica.com\\\/gaceta\\\/wp-101\\\/wp-content\\\/uploads\\\/2021\\\/01\\\/ga-icon-big.jpg?fit=181%2C181&ssl=1\",\"width\":181,\"height\":181,\"caption\":\"Gaceta Aeronautica\"},\"image\":{\"@id\":\"https:\\\/\\\/www.gacetaeronautica.com\\\/gaceta\\\/wp-101\\\/#\\\/schema\\\/logo\\\/image\\\/\"},\"sameAs\":[\"https:\\\/\\\/www.facebook.com\\\/Gaceta-Aeronautica-116866231657967\\\/\",\"https:\\\/\\\/x.com\\\/gacetaeronautic\",\"https:\\\/\\\/www.instagram.com\\\/gacetaeronautica\\\/\"]},{\"@type\":\"Person\",\"@id\":\"https:\\\/\\\/www.gacetaeronautica.com\\\/gaceta\\\/wp-101\\\/#\\\/schema\\\/person\\\/d8199b178418aa4d0541dc5650dc0162\",\"name\":\"Pablo Luciano Potenze\",\"image\":{\"@type\":\"ImageObject\",\"inLanguage\":\"es\",\"@id\":\"https:\\\/\\\/secure.gravatar.com\\\/avatar\\\/f05f685f856f0456177f372be95c550689580523c3737905535316f716d27bf8?s=96&d=blank&r=g\",\"url\":\"https:\\\/\\\/secure.gravatar.com\\\/avatar\\\/f05f685f856f0456177f372be95c550689580523c3737905535316f716d27bf8?s=96&d=blank&r=g\",\"contentUrl\":\"https:\\\/\\\/secure.gravatar.com\\\/avatar\\\/f05f685f856f0456177f372be95c550689580523c3737905535316f716d27bf8?s=96&d=blank&r=g\",\"caption\":\"Pablo Luciano Potenze\"},\"url\":\"https:\\\/\\\/www.gacetaeronautica.com\\\/gaceta\\\/wp-101\\\/author\\\/pablopotegmail-com\\\/\"}]}<\/script>\n<!-- \/ Yoast SEO plugin. -->","yoast_head_json":{"title":"Flybondi \u00bfNadie sospech\u00f3 nada? - Gaceta Aeronautica","description":"Cuando la autoridad regulatoria no controla, la puerta est\u00e1 abierta, y todos toman nota de ello. \u00bfQui\u00e9n controla el CESA de Flybondi?","robots":{"index":"index","follow":"follow","max-snippet":"max-snippet:-1","max-image-preview":"max-image-preview:large","max-video-preview":"max-video-preview:-1"},"canonical":"https:\/\/www.gacetaeronautica.com\/gaceta\/wp-101\/flybondi-nadie-sospecho-nada\/","og_locale":"es_ES","og_type":"article","og_title":"Flybondi \u00bfNadie sospech\u00f3 nada? - Gaceta Aeronautica","og_description":"Cuando la autoridad regulatoria no controla, la puerta est\u00e1 abierta, y todos toman nota de ello. \u00bfQui\u00e9n controla el CESA de Flybondi?","og_url":"https:\/\/www.gacetaeronautica.com\/gaceta\/wp-101\/flybondi-nadie-sospecho-nada\/","og_site_name":"Gaceta Aeronautica","article_publisher":"https:\/\/www.facebook.com\/Gaceta-Aeronautica-116866231657967\/","article_published_time":"2026-08-31T15:00:39+00:00","og_image":[{"width":467,"height":465,"url":"https:\/\/i0.wp.com\/www.gacetaeronautica.com\/gaceta\/wp-101\/wp-content\/uploads\/2026\/08\/F1-B737-20230823-Flybondi-Flybondi.jpg?fit=467%2C465&ssl=1","type":"image\/jpeg"}],"author":"Pablo Luciano Potenze","twitter_card":"summary_large_image","twitter_creator":"@gacetaeronautic","twitter_site":"@gacetaeronautic","twitter_misc":{"Escrito por":"Pablo Luciano Potenze","Tiempo de lectura":"12 minutos"},"schema":{"@context":"https:\/\/schema.org","@graph":[{"@type":"Article","@id":"https:\/\/www.gacetaeronautica.com\/gaceta\/wp-101\/flybondi-nadie-sospecho-nada\/#article","isPartOf":{"@id":"https:\/\/www.gacetaeronautica.com\/gaceta\/wp-101\/flybondi-nadie-sospecho-nada\/"},"author":{"name":"Pablo Luciano Potenze","@id":"https:\/\/www.gacetaeronautica.com\/gaceta\/wp-101\/#\/schema\/person\/d8199b178418aa4d0541dc5650dc0162"},"headline":"Flybondi \u00bfNadie sospech\u00f3 nada?","datePublished":"2026-08-31T15:00:39+00:00","mainEntityOfPage":{"@id":"https:\/\/www.gacetaeronautica.com\/gaceta\/wp-101\/flybondi-nadie-sospecho-nada\/"},"wordCount":2424,"commentCount":0,"publisher":{"@id":"https:\/\/www.gacetaeronautica.com\/gaceta\/wp-101\/#organization"},"image":{"@id":"https:\/\/www.gacetaeronautica.com\/gaceta\/wp-101\/flybondi-nadie-sospecho-nada\/#primaryimage"},"thumbnailUrl":"https:\/\/i0.wp.com\/www.gacetaeronautica.com\/gaceta\/wp-101\/wp-content\/uploads\/2026\/08\/F1-B737-20230823-Flybondi-Flybondi.jpg?fit=467%2C465&ssl=1","keywords":["ANAC","Flybondi","Lowcosts"],"articleSection":["Transporte aerocomercial"],"inLanguage":"es","potentialAction":[{"@type":"CommentAction","name":"Comment","target":["https:\/\/www.gacetaeronautica.com\/gaceta\/wp-101\/flybondi-nadie-sospecho-nada\/#respond"]}]},{"@type":"WebPage","@id":"https:\/\/www.gacetaeronautica.com\/gaceta\/wp-101\/flybondi-nadie-sospecho-nada\/","url":"https:\/\/www.gacetaeronautica.com\/gaceta\/wp-101\/flybondi-nadie-sospecho-nada\/","name":"Flybondi \u00bfNadie sospech\u00f3 nada? - Gaceta Aeronautica","isPartOf":{"@id":"https:\/\/www.gacetaeronautica.com\/gaceta\/wp-101\/#website"},"primaryImageOfPage":{"@id":"https:\/\/www.gacetaeronautica.com\/gaceta\/wp-101\/flybondi-nadie-sospecho-nada\/#primaryimage"},"image":{"@id":"https:\/\/www.gacetaeronautica.com\/gaceta\/wp-101\/flybondi-nadie-sospecho-nada\/#primaryimage"},"thumbnailUrl":"https:\/\/i0.wp.com\/www.gacetaeronautica.com\/gaceta\/wp-101\/wp-content\/uploads\/2026\/08\/F1-B737-20230823-Flybondi-Flybondi.jpg?fit=467%2C465&ssl=1","datePublished":"2026-08-31T15:00:39+00:00","description":"Cuando la autoridad regulatoria no controla, la puerta est\u00e1 abierta, y todos toman nota de ello. \u00bfQui\u00e9n controla el CESA de Flybondi?","breadcrumb":{"@id":"https:\/\/www.gacetaeronautica.com\/gaceta\/wp-101\/flybondi-nadie-sospecho-nada\/#breadcrumb"},"inLanguage":"es","potentialAction":[{"@type":"ReadAction","target":["https:\/\/www.gacetaeronautica.com\/gaceta\/wp-101\/flybondi-nadie-sospecho-nada\/"]}]},{"@type":"ImageObject","inLanguage":"es","@id":"https:\/\/www.gacetaeronautica.com\/gaceta\/wp-101\/flybondi-nadie-sospecho-nada\/#primaryimage","url":"https:\/\/i0.wp.com\/www.gacetaeronautica.com\/gaceta\/wp-101\/wp-content\/uploads\/2026\/08\/F1-B737-20230823-Flybondi-Flybondi.jpg?fit=467%2C465&ssl=1","contentUrl":"https:\/\/i0.wp.com\/www.gacetaeronautica.com\/gaceta\/wp-101\/wp-content\/uploads\/2026\/08\/F1-B737-20230823-Flybondi-Flybondi.jpg?fit=467%2C465&ssl=1","width":467,"height":465},{"@type":"BreadcrumbList","@id":"https:\/\/www.gacetaeronautica.com\/gaceta\/wp-101\/flybondi-nadie-sospecho-nada\/#breadcrumb","itemListElement":[{"@type":"ListItem","position":1,"name":"Portada","item":"https:\/\/www.gacetaeronautica.com\/gaceta\/wp-101\/"},{"@type":"ListItem","position":2,"name":"Flybondi \u00bfNadie sospech\u00f3 nada?"}]},{"@type":"WebSite","@id":"https:\/\/www.gacetaeronautica.com\/gaceta\/wp-101\/#website","url":"https:\/\/www.gacetaeronautica.com\/gaceta\/wp-101\/","name":"Gaceta Aeronautica","description":"Noticias, opini\u00f3n, historia y referencia aeron\u00e1utica","publisher":{"@id":"https:\/\/www.gacetaeronautica.com\/gaceta\/wp-101\/#organization"},"potentialAction":[{"@type":"SearchAction","target":{"@type":"EntryPoint","urlTemplate":"https:\/\/www.gacetaeronautica.com\/gaceta\/wp-101\/?s={search_term_string}"},"query-input":{"@type":"PropertyValueSpecification","valueRequired":true,"valueName":"search_term_string"}}],"inLanguage":"es"},{"@type":"Organization","@id":"https:\/\/www.gacetaeronautica.com\/gaceta\/wp-101\/#organization","name":"Gaceta Aeronautica","url":"https:\/\/www.gacetaeronautica.com\/gaceta\/wp-101\/","logo":{"@type":"ImageObject","inLanguage":"es","@id":"https:\/\/www.gacetaeronautica.com\/gaceta\/wp-101\/#\/schema\/logo\/image\/","url":"https:\/\/i0.wp.com\/www.gacetaeronautica.com\/gaceta\/wp-101\/wp-content\/uploads\/2021\/01\/ga-icon-big.jpg?fit=181%2C181&ssl=1","contentUrl":"https:\/\/i0.wp.com\/www.gacetaeronautica.com\/gaceta\/wp-101\/wp-content\/uploads\/2021\/01\/ga-icon-big.jpg?fit=181%2C181&ssl=1","width":181,"height":181,"caption":"Gaceta Aeronautica"},"image":{"@id":"https:\/\/www.gacetaeronautica.com\/gaceta\/wp-101\/#\/schema\/logo\/image\/"},"sameAs":["https:\/\/www.facebook.com\/Gaceta-Aeronautica-116866231657967\/","https:\/\/x.com\/gacetaeronautic","https:\/\/www.instagram.com\/gacetaeronautica\/"]},{"@type":"Person","@id":"https:\/\/www.gacetaeronautica.com\/gaceta\/wp-101\/#\/schema\/person\/d8199b178418aa4d0541dc5650dc0162","name":"Pablo Luciano Potenze","image":{"@type":"ImageObject","inLanguage":"es","@id":"https:\/\/secure.gravatar.com\/avatar\/f05f685f856f0456177f372be95c550689580523c3737905535316f716d27bf8?s=96&d=blank&r=g","url":"https:\/\/secure.gravatar.com\/avatar\/f05f685f856f0456177f372be95c550689580523c3737905535316f716d27bf8?s=96&d=blank&r=g","contentUrl":"https:\/\/secure.gravatar.com\/avatar\/f05f685f856f0456177f372be95c550689580523c3737905535316f716d27bf8?s=96&d=blank&r=g","caption":"Pablo Luciano Potenze"},"url":"https:\/\/www.gacetaeronautica.com\/gaceta\/wp-101\/author\/pablopotegmail-com\/"}]}},"jetpack-related-posts":[{"id":49059,"url":"https:\/\/www.gacetaeronautica.com\/gaceta\/wp-101\/mercado-aerocomercial-argentino-como-viene-la-mano-en-2023\/","url_meta":{"origin":59207,"position":0},"title":"Mercado aerocomercial argentino: \u00bfC\u00f3mo viene la mano en 2023?","author":"Fernando Puppio","date":"16\/03\/2023","format":false,"excerpt":"En 2019 el sector aerocomercial argentino estaba en transici\u00f3n a medida que las lowcost comenzaban a establecerse en un mercado que incipientemente liberalizado. Actualmente, y tras la pandemia, el mercado aerocomercial argentino comenz\u00f3 a estabilizarse y a recuperar los pasajeros perdidos por una cuarentena eterna.","rel":"","context":"En \u00abTransporte aerocomercial\u00bb","block_context":{"text":"Transporte aerocomercial","link":"https:\/\/www.gacetaeronautica.com\/gaceta\/wp-101\/category\/transporte\/"},"img":{"alt_text":"","src":"https:\/\/i0.wp.com\/www.gacetaeronautica.com\/gaceta\/wp-101\/wp-content\/uploads\/2014\/11\/presentacion19.jpg?fit=800%2C533&ssl=1&resize=350%2C200","width":350,"height":200,"srcset":"https:\/\/i0.wp.com\/www.gacetaeronautica.com\/gaceta\/wp-101\/wp-content\/uploads\/2014\/11\/presentacion19.jpg?fit=800%2C533&ssl=1&resize=350%2C200 1x, https:\/\/i0.wp.com\/www.gacetaeronautica.com\/gaceta\/wp-101\/wp-content\/uploads\/2014\/11\/presentacion19.jpg?fit=800%2C533&ssl=1&resize=525%2C300 1.5x, https:\/\/i0.wp.com\/www.gacetaeronautica.com\/gaceta\/wp-101\/wp-content\/uploads\/2014\/11\/presentacion19.jpg?fit=800%2C533&ssl=1&resize=700%2C400 2x"},"classes":[]},{"id":38401,"url":"https:\/\/www.gacetaeronautica.com\/gaceta\/wp-101\/que-estara-pasando-con-flybondi\/","url_meta":{"origin":59207,"position":1},"title":"Qu\u00e9 estar\u00e1 pasando con Flybondi","author":"Pablo Luciano Potenze","date":"23\/11\/2020","format":false,"excerpt":"El pasado 15 de noviembre Flybondi complet\u00f3 la operaci\u00f3n m\u00e1s dif\u00edcil que debe encarar una empresa a\u00e9rea argentina que decide dejar de operar: sacar todos sus aviones del pa\u00eds. Dice que se trata de una operaci\u00f3n rutinaria de mantenimiento pero, \u00bfser\u00e1 as\u00ed?","rel":"","context":"En \u00abTransporte aerocomercial\u00bb","block_context":{"text":"Transporte aerocomercial","link":"https:\/\/www.gacetaeronautica.com\/gaceta\/wp-101\/category\/transporte\/"},"img":{"alt_text":"","src":"https:\/\/i0.wp.com\/www.gacetaeronautica.com\/gaceta\/wp-101\/wp-content\/uploads\/2020\/11\/fb2.jpg?fit=800%2C533&ssl=1&resize=350%2C200","width":350,"height":200,"srcset":"https:\/\/i0.wp.com\/www.gacetaeronautica.com\/gaceta\/wp-101\/wp-content\/uploads\/2020\/11\/fb2.jpg?fit=800%2C533&ssl=1&resize=350%2C200 1x, https:\/\/i0.wp.com\/www.gacetaeronautica.com\/gaceta\/wp-101\/wp-content\/uploads\/2020\/11\/fb2.jpg?fit=800%2C533&ssl=1&resize=525%2C300 1.5x, https:\/\/i0.wp.com\/www.gacetaeronautica.com\/gaceta\/wp-101\/wp-content\/uploads\/2020\/11\/fb2.jpg?fit=800%2C533&ssl=1&resize=700%2C400 2x"},"classes":[]},{"id":37511,"url":"https:\/\/www.gacetaeronautica.com\/gaceta\/wp-101\/el-asedio-a-las-low-cost-i\/","url_meta":{"origin":59207,"position":2},"title":"El asedio a las low cost (I)","author":"Pablo Luciano Potenze","date":"10\/09\/2020","format":false,"excerpt":"Como en todo el mundo, las low cost argentinas molestan a los que ya estaban establecidos, que les declaran la guerra. Esa guerra empez\u00f3 cuando se anunciaron estas empresas, y ya hubo varias batallas de todo tipo. El momento del combate final parece haber llegado, y no ser\u00e1 una lucha\u2026","rel":"","context":"En \u00abTransporte aerocomercial\u00bb","block_context":{"text":"Transporte aerocomercial","link":"https:\/\/www.gacetaeronautica.com\/gaceta\/wp-101\/category\/transporte\/"},"img":{"alt_text":"","src":"https:\/\/i0.wp.com\/www.gacetaeronautica.com\/gaceta\/wp-101\/wp-content\/uploads\/2020\/09\/elasedio1-01.jpg?fit=650%2C406&ssl=1&resize=350%2C200","width":350,"height":200,"srcset":"https:\/\/i0.wp.com\/www.gacetaeronautica.com\/gaceta\/wp-101\/wp-content\/uploads\/2020\/09\/elasedio1-01.jpg?fit=650%2C406&ssl=1&resize=350%2C200 1x, https:\/\/i0.wp.com\/www.gacetaeronautica.com\/gaceta\/wp-101\/wp-content\/uploads\/2020\/09\/elasedio1-01.jpg?fit=650%2C406&ssl=1&resize=525%2C300 1.5x"},"classes":[]},{"id":47803,"url":"https:\/\/www.gacetaeronautica.com\/gaceta\/wp-101\/flybondi-va-a-por-todas\/","url_meta":{"origin":59207,"position":3},"title":"Flybondi va a por todas","author":"Fernando Puppio","date":"27\/10\/2022","format":false,"excerpt":"En medio de una econom\u00eda hostil, la lowcost argentina sigue creciendo. De cara a la temporada de verano 2022-2023 Flybondi est\u00e1 aumentando la capacidad, rutas y frecuencias, muchas de las cuales quedaran consolidadas para el a\u00f1o 2023.","rel":"","context":"En \u00abTransporte aerocomercial\u00bb","block_context":{"text":"Transporte aerocomercial","link":"https:\/\/www.gacetaeronautica.com\/gaceta\/wp-101\/category\/transporte\/"},"img":{"alt_text":"","src":"https:\/\/i0.wp.com\/www.gacetaeronautica.com\/gaceta\/wp-101\/wp-content\/uploads\/2022\/10\/flybondi0.jpg?fit=1024%2C682&ssl=1&resize=350%2C200","width":350,"height":200,"srcset":"https:\/\/i0.wp.com\/www.gacetaeronautica.com\/gaceta\/wp-101\/wp-content\/uploads\/2022\/10\/flybondi0.jpg?fit=1024%2C682&ssl=1&resize=350%2C200 1x, https:\/\/i0.wp.com\/www.gacetaeronautica.com\/gaceta\/wp-101\/wp-content\/uploads\/2022\/10\/flybondi0.jpg?fit=1024%2C682&ssl=1&resize=525%2C300 1.5x, https:\/\/i0.wp.com\/www.gacetaeronautica.com\/gaceta\/wp-101\/wp-content\/uploads\/2022\/10\/flybondi0.jpg?fit=1024%2C682&ssl=1&resize=700%2C400 2x"},"classes":[]},{"id":55818,"url":"https:\/\/www.gacetaeronautica.com\/gaceta\/wp-101\/la-aviacion-argentina-y-la-inteligencia-artificial\/","url_meta":{"origin":59207,"position":4},"title":"La aviaci\u00f3n argentina y la inteligencia artificial","author":"Pablo Luciano Potenze","date":"09\/06\/2025","format":false,"excerpt":"Actualmente hay una tendencia a hacer todo con inteligencia artificial, un arte que se presenta a s\u00ed misma como la poseedora de todas las respuestas. Para verificarlo, evaluamos sus saberes sobre la aviaci\u00f3n argentina.","rel":"","context":"En \u00abPublicaciones &amp; medios\u00bb","block_context":{"text":"Publicaciones &amp; medios","link":"https:\/\/www.gacetaeronautica.com\/gaceta\/wp-101\/category\/publicaciones\/"},"img":{"alt_text":"","src":"https:\/\/i0.wp.com\/www.gacetaeronautica.com\/gaceta\/wp-101\/wp-content\/uploads\/2025\/06\/IA-01.jpg?fit=800%2C776&ssl=1&resize=350%2C200","width":350,"height":200,"srcset":"https:\/\/i0.wp.com\/www.gacetaeronautica.com\/gaceta\/wp-101\/wp-content\/uploads\/2025\/06\/IA-01.jpg?fit=800%2C776&ssl=1&resize=350%2C200 1x, https:\/\/i0.wp.com\/www.gacetaeronautica.com\/gaceta\/wp-101\/wp-content\/uploads\/2025\/06\/IA-01.jpg?fit=800%2C776&ssl=1&resize=525%2C300 1.5x, https:\/\/i0.wp.com\/www.gacetaeronautica.com\/gaceta\/wp-101\/wp-content\/uploads\/2025\/06\/IA-01.jpg?fit=800%2C776&ssl=1&resize=700%2C400 2x"},"classes":[]},{"id":49236,"url":"https:\/\/www.gacetaeronautica.com\/gaceta\/wp-101\/los-nuevos-pasajes-de-flybondi\/","url_meta":{"origin":59207,"position":5},"title":"Los nuevos pasajes de Flybondi","author":"Pablo Luciano Potenze","date":"05\/04\/2023","format":false,"excerpt":"La tecnolog\u00eda, desde el fondo de los tiempos, nos ofrece cosas nuevas que antes eran inimaginables y nos hace preguntarnos c\u00f3mo pudimos vivir sin eso. Hoy es el turno del NFTicket que est\u00e1 introduciendo Flybondi.","rel":"","context":"En \u00abTransporte aerocomercial\u00bb","block_context":{"text":"Transporte aerocomercial","link":"https:\/\/www.gacetaeronautica.com\/gaceta\/wp-101\/category\/transporte\/"},"img":{"alt_text":"Flybondi","src":"https:\/\/i0.wp.com\/www.gacetaeronautica.com\/gaceta\/wp-101\/wp-content\/uploads\/2023\/04\/Flybondi-20230300-Redes.jpg?fit=680%2C680&ssl=1&resize=350%2C200","width":350,"height":200,"srcset":"https:\/\/i0.wp.com\/www.gacetaeronautica.com\/gaceta\/wp-101\/wp-content\/uploads\/2023\/04\/Flybondi-20230300-Redes.jpg?fit=680%2C680&ssl=1&resize=350%2C200 1x, https:\/\/i0.wp.com\/www.gacetaeronautica.com\/gaceta\/wp-101\/wp-content\/uploads\/2023\/04\/Flybondi-20230300-Redes.jpg?fit=680%2C680&ssl=1&resize=525%2C300 1.5x"},"classes":[]}],"jetpack_likes_enabled":true,"jetpack_sharing_enabled":true,"jetpack_shortlink":"https:\/\/wp.me\/p1P39s-foX","jetpack_featured_media_url":"https:\/\/i0.wp.com\/www.gacetaeronautica.com\/gaceta\/wp-101\/wp-content\/uploads\/2026\/08\/F1-B737-20230823-Flybondi-Flybondi.jpg?fit=467%2C465&ssl=1","_links":{"self":[{"href":"https:\/\/www.gacetaeronautica.com\/gaceta\/wp-101\/wp-json\/wp\/v2\/posts\/59207","targetHints":{"allow":["GET"]}}],"collection":[{"href":"https:\/\/www.gacetaeronautica.com\/gaceta\/wp-101\/wp-json\/wp\/v2\/posts"}],"about":[{"href":"https:\/\/www.gacetaeronautica.com\/gaceta\/wp-101\/wp-json\/wp\/v2\/types\/post"}],"author":[{"embeddable":true,"href":"https:\/\/www.gacetaeronautica.com\/gaceta\/wp-101\/wp-json\/wp\/v2\/users\/3"}],"replies":[{"embeddable":true,"href":"https:\/\/www.gacetaeronautica.com\/gaceta\/wp-101\/wp-json\/wp\/v2\/comments?post=59207"}],"version-history":[{"count":4,"href":"https:\/\/www.gacetaeronautica.com\/gaceta\/wp-101\/wp-json\/wp\/v2\/posts\/59207\/revisions"}],"predecessor-version":[{"id":59221,"href":"https:\/\/www.gacetaeronautica.com\/gaceta\/wp-101\/wp-json\/wp\/v2\/posts\/59207\/revisions\/59221"}],"wp:featuredmedia":[{"embeddable":true,"href":"https:\/\/www.gacetaeronautica.com\/gaceta\/wp-101\/wp-json\/wp\/v2\/media\/59211"}],"wp:attachment":[{"href":"https:\/\/www.gacetaeronautica.com\/gaceta\/wp-101\/wp-json\/wp\/v2\/media?parent=59207"}],"wp:term":[{"taxonomy":"category","embeddable":true,"href":"https:\/\/www.gacetaeronautica.com\/gaceta\/wp-101\/wp-json\/wp\/v2\/categories?post=59207"},{"taxonomy":"post_tag","embeddable":true,"href":"https:\/\/www.gacetaeronautica.com\/gaceta\/wp-101\/wp-json\/wp\/v2\/tags?post=59207"}],"curies":[{"name":"wp","href":"https:\/\/api.w.org\/{rel}","templated":true}]}}